{"id":485634,"date":"2017-06-27T21:34:05","date_gmt":"2017-06-28T02:34:05","guid":{"rendered":"https:\/\/www.futboltotal.com.mx\/?p=485634"},"modified":"2017-06-27T21:34:05","modified_gmt":"2017-06-28T02:34:05","slug":"vargas-se-queda-en-tigres","status":"publish","type":"post","link":"http:\/\/desarrollo.grupomedios.com\/futbol\/futbol-mexicano\/vargas-se-queda-en-tigres\/2017\/06","title":{"rendered":"Edu Vargas no saldr\u00e1 de Tigres"},"content":{"rendered":"<p>El delantero chileno, <a href=\"https:\/\/www.futboltotal.com.mx\/2017\/06\/tigres-quiere-eduardo-vargas-tenga-la-misma-motivacion-en-chile\/\" target=\"_blank\" rel=\"noopener noreferrer\"><span style=\"color: #333399;\"><strong>Eduardo Vargas<\/strong><\/span><\/a>, no saldr\u00e1 de los <a href=\"https:\/\/www.futboltotal.com.mx\/2017\/06\/ever-banega-sera-tigres-volvera-al-sevilla\/\" target=\"_blank\" rel=\"noopener noreferrer\"><span style=\"color: #333399;\"><strong>Tigres de la UANL<\/strong><\/span><\/a> pese al mal torneo con los regiomontanos en el <strong>Clausura 2017<\/strong>, as\u00ed lo dio a conocer <strong>Miguel \u00c1ngel Garza<\/strong>, delegado deportivo del club.<\/p>\n<p style=\"text-align: center;\"><a href=\"https:\/\/www.futboltotal.com.mx\/2017\/06\/goltz-deja-al-america-por-boca-juniors\/\" target=\"_blank\" rel=\"noopener noreferrer\"><span style=\"color: #333399;\">VER M\u00c1S:\u00a0<span class=\"item-title\">En Argentina dan por hecho el fichaje de Goltz con Boca<\/span><\/span><\/a><\/p>\n<p>\u201cCien por ciento\u201d, respondi\u00f3 el directivo al cuestion\u00e1rsele sobre la posible salida del ariete andino. As\u00ed mismo, dej\u00f3 en claro que la posible llegada de refuerzos de car\u00e1cteristicas ofensivas, como <a href=\"https:\/\/www.futboltotal.com.mx\/2017\/06\/enner-valencia-cerca-volver-a-la-liga-mx\/\" target=\"_blank\" rel=\"noopener noreferrer\"><span style=\"color: #333399;\"><strong>Enner Valencia<\/strong><\/span><\/a>, no tiene nada que ver con una posible marcha del chileno.<\/p>\n<p style=\"text-align: center;\"><a href=\"https:\/\/www.futboltotal.com.mx\/2017\/06\/televisa-barre-a-azteca-en-confederaciones\/\" target=\"_blank\" rel=\"noopener noreferrer\"><span style=\"color: #333399;\">VER M\u00c1S:\u00a0<span class=\"item-title\">Televisa le mete gol a Azteca en Copa Confederaciones<\/span><\/span><\/a><\/p>\n<p>\u201cLa llegada de cualquier jugador no tiene nada que ver con alguna salida\u201d, declar\u00f3.<\/p>\n","protected":false},"excerpt":{"rendered":"<p>Edu Vargas se queda en Tigres para el Apertura 2017<\/p>\n","protected":false},"author":20,"featured_media":485638,"comment_status":"closed","ping_status":"closed","sticky":false,"template":"","format":"standard","meta":[],"categories":[2198,3845],"tags":[7732,5994,6108,3725,5973,444],"_links":{"self":[{"href":"http:\/\/desarrollo.grupomedios.com\/futbol\/wp-json\/wp\/v2\/posts\/485634"}],"collection":[{"href":"http:\/\/desarrollo.grupomedios.com\/futbol\/wp-json\/wp\/v2\/posts"}],"about":[{"href":"http:\/\/desarrollo.grupomedios.com\/futbol\/wp-json\/wp\/v2\/types\/post"}],"author":[{"embeddable":true,"href":"http:\/\/desarrollo.grupomedios.com\/futbol\/wp-json\/wp\/v2\/users\/20"}],"replies":[{"embeddable":true,"href":"http:\/\/desarrollo.grupomedios.com\/futbol\/wp-json\/wp\/v2\/comments?post=485634"}],"version-history":[{"count":1,"href":"http:\/\/desarrollo.grupomedios.com\/futbol\/wp-json\/wp\/v2\/posts\/485634\/revisions"}],"predecessor-version":[{"id":485639,"href":"http:\/\/desarrollo.grupomedios.com\/futbol\/wp-json\/wp\/v2\/posts\/485634\/revisions\/485639"}],"wp:featuredmedia":[{"embeddable":true,"href":"http:\/\/desarrollo.grupomedios.com\/futbol\/wp-json\/wp\/v2\/media\/485638"}],"wp:attachment":[{"href":"http:\/\/desarrollo.grupomedios.com\/futbol\/wp-json\/wp\/v2\/media?parent=485634"}],"wp:term":[{"taxonomy":"category","embeddable":true,"href":"http:\/\/desarrollo.grupomedios.com\/futbol\/wp-json\/wp\/v2\/categories?post=485634"},{"taxonomy":"post_tag","embeddable":true,"href":"http:\/\/desarrollo.grupomedios.com\/futbol\/wp-json\/wp\/v2\/tags?post=485634"}],"curies":[{"name":"wp","href":"https:\/\/api.w.org\/{rel}","templated":true}]}}