{"id":485641,"date":"2017-06-28T09:47:26","date_gmt":"2017-06-28T14:47:26","guid":{"rendered":"https:\/\/www.futboltotal.com.mx\/?p=485641"},"modified":"2017-06-28T10:27:25","modified_gmt":"2017-06-28T15:27:25","slug":"america-va-futbolista-colombiano","status":"publish","type":"post","link":"http:\/\/desarrollo.grupomedios.com\/futbol\/destacado-home\/america-va-futbolista-colombiano\/2017\/06","title":{"rendered":"Am\u00e9rica ofrecer\u00eda a Darwin para fichar a otro colombiano"},"content":{"rendered":"<p>El estratega de las <em><strong>\u00c1guilas<\/strong><\/em> del <strong>Am\u00e9rica<\/strong>, <strong>Miguel Herrera<\/strong> indic\u00f3 que est\u00e1n en busca del volante colombiano, <strong>Mateus Uribe<\/strong> que milita en el <strong>Atl\u00e9tico Nacional<\/strong> de su pa\u00eds.<\/p>\n<blockquote><p>&#8220;Ya hemos hablado por <strong>Mateus Uribe<\/strong>, pero a\u00fan no hay nada concreto, puede ser&#8221;, dijo el <em>Piojo<\/em> para <em>ESPN<\/em>.<\/p><\/blockquote>\n<p style=\"text-align: center;\"><span style=\"color: #333399;\"><a style=\"color: #333399;\" href=\"https:\/\/www.futboltotal.com.mx\/2017\/06\/vargas-se-queda-en-tigres\/\" target=\"_blank\" rel=\"noopener noreferrer\">VER M\u00c1S: Eduardo Vargas no saldr\u00e1 de Tigres<\/a><\/span><\/p>\n<p>De acuerdo con el diario <em>R\u00e9cord<\/em>, el club colombiano estar\u00eda pidiendo <strong>7 millones de d\u00f3lares<\/strong> por <strong>Uribe<\/strong>, cifra que los azulcremas no est\u00e1n \u00a0dispuestos a pagar; sin embargo, ofrecer\u00edan <strong>4 millones de d\u00f3lares<\/strong> y a <strong>Darwin Quintero<\/strong> para poder hacerse con el futbolista colombiano.<\/p>\n<p>\u201cPor supuesto que hemos preguntado por \u00e9l (<strong>Uribe<\/strong>), pero tambi\u00e9n por otros volantes, estamos viendo, yo le ped\u00ed a Santiago (Ba\u00f1os) la primera semana de partidos para poder definir si viene o no, pero todav\u00eda no decidimos\u201d, dijo Herrera en la misma\u00a0entrevista con <em>ESPN.<\/em><\/p>\n<p style=\"text-align: center;\"><span style=\"color: #333399;\"><a style=\"color: #333399;\" href=\"https:\/\/www.futboltotal.com.mx\/2017\/06\/javier-aquino-mantiene-viva-la-oportunidad-ir-a-europa\/\" target=\"_blank\" rel=\"noopener noreferrer\">VER M\u00c1S: Javier Aquino se ilusiona con regresar a Europa<\/a><\/span><\/p>\n","protected":false},"excerpt":{"rendered":"<p>El cuadro azulcrema pondr\u00eda a Darwin Quintero como moneda de cambio.<\/p>\n","protected":false},"author":20,"featured_media":482322,"comment_status":"closed","ping_status":"closed","sticky":false,"template":"","format":"standard","meta":[],"categories":[5,7740,2198,3845],"tags":[5959,8357,2075,284,64,9184],"_links":{"self":[{"href":"http:\/\/desarrollo.grupomedios.com\/futbol\/wp-json\/wp\/v2\/posts\/485641"}],"collection":[{"href":"http:\/\/desarrollo.grupomedios.com\/futbol\/wp-json\/wp\/v2\/posts"}],"about":[{"href":"http:\/\/desarrollo.grupomedios.com\/futbol\/wp-json\/wp\/v2\/types\/post"}],"author":[{"embeddable":true,"href":"http:\/\/desarrollo.grupomedios.com\/futbol\/wp-json\/wp\/v2\/users\/20"}],"replies":[{"embeddable":true,"href":"http:\/\/desarrollo.grupomedios.com\/futbol\/wp-json\/wp\/v2\/comments?post=485641"}],"version-history":[{"count":3,"href":"http:\/\/desarrollo.grupomedios.com\/futbol\/wp-json\/wp\/v2\/posts\/485641\/revisions"}],"predecessor-version":[{"id":485657,"href":"http:\/\/desarrollo.grupomedios.com\/futbol\/wp-json\/wp\/v2\/posts\/485641\/revisions\/485657"}],"wp:featuredmedia":[{"embeddable":true,"href":"http:\/\/desarrollo.grupomedios.com\/futbol\/wp-json\/wp\/v2\/media\/482322"}],"wp:attachment":[{"href":"http:\/\/desarrollo.grupomedios.com\/futbol\/wp-json\/wp\/v2\/media?parent=485641"}],"wp:term":[{"taxonomy":"category","embeddable":true,"href":"http:\/\/desarrollo.grupomedios.com\/futbol\/wp-json\/wp\/v2\/categories?post=485641"},{"taxonomy":"post_tag","embeddable":true,"href":"http:\/\/desarrollo.grupomedios.com\/futbol\/wp-json\/wp\/v2\/tags?post=485641"}],"curies":[{"name":"wp","href":"https:\/\/api.w.org\/{rel}","templated":true}]}}