{"id":485665,"date":"2017-06-28T10:47:23","date_gmt":"2017-06-28T15:47:23","guid":{"rendered":"https:\/\/www.futboltotal.com.mx\/?p=485665"},"modified":"2017-06-28T10:47:23","modified_gmt":"2017-06-28T15:47:23","slug":"venimos-a-ganar-importa-los-campeones-del-mundo-chicharito","status":"publish","type":"post","link":"http:\/\/desarrollo.grupomedios.com\/futbol\/destacado-home\/venimos-a-ganar-importa-los-campeones-del-mundo-chicharito\/2017\/06","title":{"rendered":"Venimos a ganar, no importa si son los Campeones del Mundo: Chicharito"},"content":{"rendered":"<p>La estrella del conjunto mexicano, <strong>Javier &#8220;Chicharito&#8221; Hern\u00e1ndez<\/strong>, cree que la combinaci\u00f3n de veteran\u00eda y juventud ayudar\u00e1 a <strong>M\u00e9xico<\/strong> a ganar la semifinal que juega ma\u00f1ana ante <strong>Alemania<\/strong> en la Copa Confederaciones.<\/p>\n<p>&#8220;Gracias a Dios juego en la Bundesliga y tengo gran experiencia, como de mis colegas. Otros tienen hambre, y esa combinaci\u00f3n de experimentados y hambrientos por jugar esa clase de partidos debe ayudarnos en la semifinal&#8221;, dijo el atacante del Bayer Leverkusen en la rueda de prensa previa a la semifinal.<\/p>\n<p style=\"text-align: center;\"><span style=\"color: #3366ff;\"><a style=\"color: #3366ff;\" href=\"https:\/\/www.futboltotal.com.mx\/2017\/06\/america-va-futbolista-colombiano\/\">VER M\u00c1S: Am\u00e9rica ofrecer\u00eda a Darwin para fichar a otro colombiano<\/a><\/span><\/p>\n<p>Desde su experiencia en el campeonato alem\u00e1n, advirti\u00f3 que M\u00e9xico se enfrentar\u00e1 ma\u00f1ana a &#8220;un equipo muy r\u00e1pido, formado por 23 jugadores muy fuertes y de mucha calidad&#8221;.<\/p>\n<p>&#8220;Pero debemos buscar los lados d\u00e9biles del rival, por d\u00f3nde podemos aprovecharnos de sus errores. Nuestro objetivo es ganar, sin importar que sean los campeones del mundo. Para eso hemos venido aqu\u00ed&#8221;, afirm\u00f3 &#8220;Chicharito&#8221;.<\/p>\n<p>La segunda semifinal del torneo se jugar\u00e1 ma\u00f1ana en el estadio Ol\u00edmpico Fisht a partir de las 21.00 local (18.00 GMT), cuando ya se conocer\u00e1 al primer finalista, que saldr\u00e1 del partido de hoy entre Chile y Portugal.EFE<\/p>\n<p style=\"text-align: center;\"><span style=\"color: #3366ff;\"><a style=\"color: #3366ff;\" href=\"https:\/\/www.futboltotal.com.mx\/2017\/06\/joffre-guerron-revela-jersey-pumas\/\">VER M\u00c1S: \u00bfJoffre Guerr\u00f3n revela el jersey de Pumas?<\/a><\/span><\/p>\n","protected":false},"excerpt":{"rendered":"<p>Chicharito destac\u00f3 la juventud y experiencia del TRI.<\/p>\n","protected":false},"author":144,"featured_media":484067,"comment_status":"closed","ping_status":"closed","sticky":false,"template":"","format":"standard","meta":[],"categories":[5,3839,3847],"tags":[6000,120,65],"_links":{"self":[{"href":"http:\/\/desarrollo.grupomedios.com\/futbol\/wp-json\/wp\/v2\/posts\/485665"}],"collection":[{"href":"http:\/\/desarrollo.grupomedios.com\/futbol\/wp-json\/wp\/v2\/posts"}],"about":[{"href":"http:\/\/desarrollo.grupomedios.com\/futbol\/wp-json\/wp\/v2\/types\/post"}],"author":[{"embeddable":true,"href":"http:\/\/desarrollo.grupomedios.com\/futbol\/wp-json\/wp\/v2\/users\/144"}],"replies":[{"embeddable":true,"href":"http:\/\/desarrollo.grupomedios.com\/futbol\/wp-json\/wp\/v2\/comments?post=485665"}],"version-history":[{"count":1,"href":"http:\/\/desarrollo.grupomedios.com\/futbol\/wp-json\/wp\/v2\/posts\/485665\/revisions"}],"predecessor-version":[{"id":485670,"href":"http:\/\/desarrollo.grupomedios.com\/futbol\/wp-json\/wp\/v2\/posts\/485665\/revisions\/485670"}],"wp:featuredmedia":[{"embeddable":true,"href":"http:\/\/desarrollo.grupomedios.com\/futbol\/wp-json\/wp\/v2\/media\/484067"}],"wp:attachment":[{"href":"http:\/\/desarrollo.grupomedios.com\/futbol\/wp-json\/wp\/v2\/media?parent=485665"}],"wp:term":[{"taxonomy":"category","embeddable":true,"href":"http:\/\/desarrollo.grupomedios.com\/futbol\/wp-json\/wp\/v2\/categories?post=485665"},{"taxonomy":"post_tag","embeddable":true,"href":"http:\/\/desarrollo.grupomedios.com\/futbol\/wp-json\/wp\/v2\/tags?post=485665"}],"curies":[{"name":"wp","href":"https:\/\/api.w.org\/{rel}","templated":true}]}}