{"id":485676,"date":"2017-06-28T11:32:20","date_gmt":"2017-06-28T16:32:20","guid":{"rendered":"https:\/\/www.futboltotal.com.mx\/?p=485676"},"modified":"2017-06-28T11:32:20","modified_gmt":"2017-06-28T16:32:20","slug":"tri-la-volpe-en-2005-dejo-sorprendido-a-joachim-low","status":"publish","type":"post","link":"http:\/\/desarrollo.grupomedios.com\/futbol\/futbol-mexicano\/tri-la-volpe-en-2005-dejo-sorprendido-a-joachim-low\/2017\/06","title":{"rendered":"El TRI de La Volpe en 2005, dej\u00f3 sorprendido a Joachim L\u00f6w"},"content":{"rendered":"<p>Previo al partido de Semifinales que disputar\u00e1n, el t\u00e9cnico de Alemania, <strong>Joachim L\u00f6w<\/strong>, elogi\u00f3 a la <strong>Selecci\u00f3n Mexicana<\/strong> y a su estilo agresivo de juego, con el que tuvo su primer contacto cuando era asistente del entonces timonel J\u00fcrgen Klinsmann donde el cuadro teut\u00f3n super\u00f3 al Tri, que dirig\u00eda Ricardo La Volpe, en el partido por el tercer lugar de la <strong>Copa Confederaciones de 2005<\/strong>.<\/p>\n<p>\u201cEn aquella ocasi\u00f3n (2005), fue el equipo que m\u00e1s me impresion\u00f3, era un equipo muy ofensivo, que jugaba siempre al ataque, entreg\u00e1ndose por completo, y en esa \u00e9poca eso no era algo tan com\u00fan\u201d. record\u00f3.<\/p>\n<p style=\"text-align: center;\"><span style=\"color: #3366ff;\"><a style=\"color: #3366ff;\" href=\"https:\/\/www.futboltotal.com.mx\/2017\/06\/oso-polar-pronostico-triunfo-mexico-alemania\/\">VER M\u00c1S: \u00a1Oso polar pronostic\u00f3 triunfo de M\u00e9xico sobre Alemania!<\/a><\/span><\/p>\n<p>Ahora al mando de <strong>Alemania<\/strong> desde hace m\u00e1s de una d\u00e9cada, L\u00f6w vuelve a encontrarse contra <strong>M\u00e9xico<\/strong>, pero esta vez hay un boleto a la Final de por medio.<\/p>\n<p>Joachim sabe que el entrenador azteca, Juan Carlos Osorio, tiene una filosof\u00eda muy similar, y que el jueves enfrentar\u00e1n a un conjunto en el que todos atacan y todos defienden.<\/p>\n<p>\u201c<strong>M\u00e9xico<\/strong> juega de esa manera desde hace muchos a\u00f1os, ataca constantemente y siempre est\u00e1 en el \u00e1rea del adversario. Evolucionaron mucho, presionan con todos los jugadores, generan una din\u00e1mica incre\u00edble con y sin bal\u00f3n. Tienen jugadores t\u00e9cnicos, r\u00e1pidos, es un equipo realmente impresionante\u201d.<\/p>\n<p style=\"text-align: center;\"><span style=\"color: #3366ff;\"><a style=\"color: #3366ff;\" href=\"https:\/\/www.futboltotal.com.mx\/2017\/06\/low-anuncia-alemania-saldra-al-ataque-ante-mexico\/\">VER M\u00c1S: Joachim L\u00f6w: \u201cAlemania saldr\u00e1 a atacar y presionar a M\u00e9xico\u201d<\/a><\/span><\/p>\n","protected":false},"excerpt":{"rendered":"<p>Joachim L\u00f6w elogi\u00f3 a la Selecci\u00f3n Mexicana y a su estilo agresivo de juego.<\/p>\n","protected":false},"author":20,"featured_media":485684,"comment_status":"closed","ping_status":"closed","sticky":false,"template":"","format":"standard","meta":[],"categories":[3839,2198],"tags":[6000,1580,65],"_links":{"self":[{"href":"http:\/\/desarrollo.grupomedios.com\/futbol\/wp-json\/wp\/v2\/posts\/485676"}],"collection":[{"href":"http:\/\/desarrollo.grupomedios.com\/futbol\/wp-json\/wp\/v2\/posts"}],"about":[{"href":"http:\/\/desarrollo.grupomedios.com\/futbol\/wp-json\/wp\/v2\/types\/post"}],"author":[{"embeddable":true,"href":"http:\/\/desarrollo.grupomedios.com\/futbol\/wp-json\/wp\/v2\/users\/20"}],"replies":[{"embeddable":true,"href":"http:\/\/desarrollo.grupomedios.com\/futbol\/wp-json\/wp\/v2\/comments?post=485676"}],"version-history":[{"count":1,"href":"http:\/\/desarrollo.grupomedios.com\/futbol\/wp-json\/wp\/v2\/posts\/485676\/revisions"}],"predecessor-version":[{"id":485685,"href":"http:\/\/desarrollo.grupomedios.com\/futbol\/wp-json\/wp\/v2\/posts\/485676\/revisions\/485685"}],"wp:featuredmedia":[{"embeddable":true,"href":"http:\/\/desarrollo.grupomedios.com\/futbol\/wp-json\/wp\/v2\/media\/485684"}],"wp:attachment":[{"href":"http:\/\/desarrollo.grupomedios.com\/futbol\/wp-json\/wp\/v2\/media?parent=485676"}],"wp:term":[{"taxonomy":"category","embeddable":true,"href":"http:\/\/desarrollo.grupomedios.com\/futbol\/wp-json\/wp\/v2\/categories?post=485676"},{"taxonomy":"post_tag","embeddable":true,"href":"http:\/\/desarrollo.grupomedios.com\/futbol\/wp-json\/wp\/v2\/tags?post=485676"}],"curies":[{"name":"wp","href":"https:\/\/api.w.org\/{rel}","templated":true}]}}