{"id":485678,"date":"2017-06-28T11:21:26","date_gmt":"2017-06-28T16:21:26","guid":{"rendered":"https:\/\/www.futboltotal.com.mx\/?p=485678"},"modified":"2017-06-28T11:21:26","modified_gmt":"2017-06-28T16:21:26","slug":"adidas-futbol-total-te-regalan-balon-mini-confederaciones","status":"publish","type":"post","link":"http:\/\/desarrollo.grupomedios.com\/futbol\/promociones\/adidas-futbol-total-te-regalan-balon-mini-confederaciones\/2017\/06","title":{"rendered":"adidas y Futbol Total te regalan el bal\u00f3n mini de la Confederaciones"},"content":{"rendered":"<p>\u00bfQuieres vivir la pasi\u00f3n de la <strong>Copa Confederaciones<\/strong>?\u00a0Es muy f\u00e1cil,\u00a0<strong>adidas\u00a0<\/strong>y\u00a0<strong>Futbol Total<\/strong> te regalan el\u00a0<strong>bal\u00f3n<\/strong> oficial del torneo, <strong>Krasava<\/strong>, en su versi\u00f3n <strong>mini<\/strong>.\u00a0S\u00f3lo debes seguir estos sencillos pasos:<\/p>\n<p>\u2013 Debes seguir<em>\u00a0<\/em>en <strong>Twitter<\/strong>\u00a0a\u00a0<span style=\"color: #333399;\"><a style=\"color: #333399;\" href=\"https:\/\/twitter.com\/MXFutbolTotal\">@MXfutboltotal<\/a><\/span> \u00a0y en <strong>Facebook<\/strong>\u00a0a\u00a0<span style=\"color: #333399;\"><a style=\"color: #333399;\" href=\"https:\/\/www.facebook.com\/futboltotalmexico\">Futbol Total<\/a><\/span> (y tomar screenshots de cada uno para comprobarlo).<\/p>\n<p>\u2013 Despu\u00e9s, comparte\u00a0la publicaci\u00f3n en Twitter y Facebook (y toma screenshots de cada uno de los compartidos para comprobarlo).<\/p>\n<p>\u2013 Danos\u00a0tu pron\u00f3stico de\u00a0la\u00a0<a href=\"https:\/\/www.futboltotal.com.mx\/2017\/06\/en-vivo-online-portugal-vs-chile-copa-confederaciones\/\" target=\"_blank\" rel=\"noopener noreferrer\"><span style=\"color: #333399;\">primera semifinal de la <strong>Copa<\/strong> <strong>Confederaciones<\/strong> entre <strong>Portugal<\/strong> y <strong>Chile<\/strong><\/span><\/a>, que se disputa este mi\u00e9rcoles 28 de junio\u00a0(marcador del partido en tiempo regular).<\/p>\n<p>\u2013 Manda tu\u00a0pron\u00f3stico y tus screenshots al correo\u00a0futboltotal@futboltotal.com.mx con asunto \u201c<strong>BAL\u00d3N MINI CONFEDERACIONES<\/strong>\u201d. El mensaje deber\u00e1 tener el\u00a0nombre completo del participante y cumplir con todos los requisitos.<\/p>\n<p>\u2013 El\u00a0pron\u00f3stico acertado que cumpla con todos los requisitos ser\u00e1\u00a0el ganador de<strong>\u00a01 bal\u00f3n Krasava mini<\/strong>.<\/p>\n<p>\u2013 S\u00f3lo se tomar\u00e1n en cuenta correos\u00a0recibidos hasta antes del mi\u00e9rcoles 28 de junio\u00a0a las 13:00 horas.<\/p>\n<p>El\u00a0<strong>equipo de Futbol Total<\/strong>\u00a0se comunicar\u00e1 con el ganador, quien deber\u00e1 recoger su premio\u00a0en las oficinas de Futbol Total, ubicadas en la Ciudad de M\u00e9xico. La entrega del premio ser\u00e1 los d\u00edas\u00a0jueves 29 o viernes 30 de junio,\u00a0en horario de 10:00 a 15:00 horas. Indispensable presentar original y copia de identificaci\u00f3n oficial.<\/p>\n<p>\u00a1Mucha suerte\u00a0<em>cracks<\/em>!<\/p>\n","protected":false},"excerpt":{"rendered":"<p>\u00bfQuieres vivir la pasi\u00f3n de la Copa Confederaciones? Es muy f\u00e1cil.<\/p>\n","protected":false},"author":20,"featured_media":485681,"comment_status":"closed","ping_status":"closed","sticky":false,"template":"","format":"standard","meta":[],"categories":[3868,3839,60],"tags":[1560,5772,1580,9187],"_links":{"self":[{"href":"http:\/\/desarrollo.grupomedios.com\/futbol\/wp-json\/wp\/v2\/posts\/485678"}],"collection":[{"href":"http:\/\/desarrollo.grupomedios.com\/futbol\/wp-json\/wp\/v2\/posts"}],"about":[{"href":"http:\/\/desarrollo.grupomedios.com\/futbol\/wp-json\/wp\/v2\/types\/post"}],"author":[{"embeddable":true,"href":"http:\/\/desarrollo.grupomedios.com\/futbol\/wp-json\/wp\/v2\/users\/20"}],"replies":[{"embeddable":true,"href":"http:\/\/desarrollo.grupomedios.com\/futbol\/wp-json\/wp\/v2\/comments?post=485678"}],"version-history":[{"count":1,"href":"http:\/\/desarrollo.grupomedios.com\/futbol\/wp-json\/wp\/v2\/posts\/485678\/revisions"}],"predecessor-version":[{"id":485682,"href":"http:\/\/desarrollo.grupomedios.com\/futbol\/wp-json\/wp\/v2\/posts\/485678\/revisions\/485682"}],"wp:featuredmedia":[{"embeddable":true,"href":"http:\/\/desarrollo.grupomedios.com\/futbol\/wp-json\/wp\/v2\/media\/485681"}],"wp:attachment":[{"href":"http:\/\/desarrollo.grupomedios.com\/futbol\/wp-json\/wp\/v2\/media?parent=485678"}],"wp:term":[{"taxonomy":"category","embeddable":true,"href":"http:\/\/desarrollo.grupomedios.com\/futbol\/wp-json\/wp\/v2\/categories?post=485678"},{"taxonomy":"post_tag","embeddable":true,"href":"http:\/\/desarrollo.grupomedios.com\/futbol\/wp-json\/wp\/v2\/tags?post=485678"}],"curies":[{"name":"wp","href":"https:\/\/api.w.org\/{rel}","templated":true}]}}