{"id":485696,"date":"2017-06-28T13:17:21","date_gmt":"2017-06-28T18:17:21","guid":{"rendered":"https:\/\/www.futboltotal.com.mx\/?p=485696"},"modified":"2017-06-28T13:17:21","modified_gmt":"2017-06-28T18:17:21","slug":"real-sociedad-revela-sus-nuevos-uniformes","status":"publish","type":"post","link":"http:\/\/desarrollo.grupomedios.com\/futbol\/futbol-internacional\/real-sociedad-revela-sus-nuevos-uniformes\/2017\/06","title":{"rendered":"La Real Sociedad de Carlos Vela revel\u00f3 sus nuevos uniformes"},"content":{"rendered":"<p>La <a href=\"https:\/\/www.futboltotal.com.mx\/2017\/06\/dirigente-la-real-sociedad-reclama-a-vergara-hablar-mal-carlos-vela\/\" target=\"_blank\" rel=\"noopener noreferrer\"><span style=\"color: #333399;\"><strong>Real Sociedad<\/strong> <\/span><\/a>donde milita el delantero mexicano <a href=\"https:\/\/www.futboltotal.com.mx\/2017\/06\/carlos-vela-sigue-irreconciliable-la-prensa-mexicana\/\" target=\"_blank\" rel=\"noopener noreferrer\"><span style=\"color: #333399;\"><strong>Carlos Vela<\/strong><\/span><\/a>, revel\u00f3 los uniformes que portar\u00e1 durante la temporada 2017-2018.<\/p>\n<p>El dise\u00f1o fabricado por <a href=\"https:\/\/www.futboltotal.com.mx\/2017\/06\/adidas-futbol-total-te-regalan-balon-mini-confederaciones\/\" target=\"_blank\" rel=\"noopener noreferrer\"><span style=\"color: #333399;\"><strong>Adidas<\/strong><\/span><\/a> para los <em>Txuri-Urdin<\/em> presenta un dise\u00f1o poco com\u00fan, con m\u00e1s l\u00edneas verticales, situaci\u00f3n que fue criticada por los seguidores del cuadro espa\u00f1ol por lucir saturada.<\/p>\n<p style=\"text-align: center;\"><a href=\"https:\/\/www.futboltotal.com.mx\/2017\/06\/juan-carlos-osorio-subestima-la-juventud-alemania\/\" target=\"_blank\" rel=\"noopener noreferrer\"><span style=\"color: #333399;\">VER M\u00c1S:\u00a0Juan Carlos Osorio no subestima la juventud de Alemania<\/span><\/a><\/p>\n<p>En la parte trasera del cuello destaca el <em>Txantxangorri del euskera<\/em>, mejor conocido como un petirrojo que desde enero de 2016 simboliza la lengua del pa\u00eds vasco.<\/p>\n<p>Mientras que la indumentaria de visitante es en tonos rojo y naranja con vivos en color azul marino.<\/p>\n<p style=\"text-align: center;\"><a href=\"https:\/\/www.futboltotal.com.mx\/2017\/06\/mexicano-campeon-goleo-en-argentina\/\" target=\"_blank\" rel=\"noopener noreferrer\"><span style=\"color: #333399;\">VER M\u00c1S:\u00a0El \u2018mexicano\u2019 campe\u00f3n de goleo en Argentina<\/span><\/a><\/p>\n<p style=\"text-align: center;\"><a href=\"https:\/\/www.futboltotal.com.mx\/wp-content\/uploads\/2017\/06\/Real-Sociedad.jpg\"><img decoding=\"async\" loading=\"lazy\" class=\"alignnone size-medium wp-image-485700\" src=\"https:\/\/www.futboltotal.com.mx\/wp-content\/uploads\/2017\/06\/Real-Sociedad-300x169.jpg\" alt=\"La Real Sociedad de Carlos Vela revel\u00f3 sus nuevos uniformes 0\" srcset=\"http:\/\/desarrollo.grupomedios.com\/futbol\/wp-content\/uploads\/2017\/06\/Real-Sociedad-300x169.jpg 300w, http:\/\/desarrollo.grupomedios.com\/futbol\/wp-content\/uploads\/2017\/06\/Real-Sociedad-768x432.jpg 768w, http:\/\/desarrollo.grupomedios.com\/futbol\/wp-content\/uploads\/2017\/06\/Real-Sociedad-1024x576.jpg 1024w, http:\/\/desarrollo.grupomedios.com\/futbol\/wp-content\/uploads\/2017\/06\/Real-Sociedad-317x178.jpg 317w, http:\/\/desarrollo.grupomedios.com\/futbol\/wp-content\/uploads\/2017\/06\/Real-Sociedad-535x301.jpg 535w, http:\/\/desarrollo.grupomedios.com\/futbol\/wp-content\/uploads\/2017\/06\/Real-Sociedad-374x210.jpg 374w, http:\/\/desarrollo.grupomedios.com\/futbol\/wp-content\/uploads\/2017\/06\/Real-Sociedad.jpg 1136w\" sizes=\"(max-width: 300px) 100vw, 300px\" \/><\/a><\/p>\n","protected":false},"excerpt":{"rendered":"<p>Bonito modelo que sac\u00f3 Adidas para los Txuri-Urdin<\/p>\n","protected":false},"author":20,"featured_media":485701,"comment_status":"closed","ping_status":"closed","sticky":false,"template":"","format":"standard","meta":[],"categories":[3839],"tags":[1560,6048,102,103],"_links":{"self":[{"href":"http:\/\/desarrollo.grupomedios.com\/futbol\/wp-json\/wp\/v2\/posts\/485696"}],"collection":[{"href":"http:\/\/desarrollo.grupomedios.com\/futbol\/wp-json\/wp\/v2\/posts"}],"about":[{"href":"http:\/\/desarrollo.grupomedios.com\/futbol\/wp-json\/wp\/v2\/types\/post"}],"author":[{"embeddable":true,"href":"http:\/\/desarrollo.grupomedios.com\/futbol\/wp-json\/wp\/v2\/users\/20"}],"replies":[{"embeddable":true,"href":"http:\/\/desarrollo.grupomedios.com\/futbol\/wp-json\/wp\/v2\/comments?post=485696"}],"version-history":[{"count":1,"href":"http:\/\/desarrollo.grupomedios.com\/futbol\/wp-json\/wp\/v2\/posts\/485696\/revisions"}],"predecessor-version":[{"id":485703,"href":"http:\/\/desarrollo.grupomedios.com\/futbol\/wp-json\/wp\/v2\/posts\/485696\/revisions\/485703"}],"wp:featuredmedia":[{"embeddable":true,"href":"http:\/\/desarrollo.grupomedios.com\/futbol\/wp-json\/wp\/v2\/media\/485701"}],"wp:attachment":[{"href":"http:\/\/desarrollo.grupomedios.com\/futbol\/wp-json\/wp\/v2\/media?parent=485696"}],"wp:term":[{"taxonomy":"category","embeddable":true,"href":"http:\/\/desarrollo.grupomedios.com\/futbol\/wp-json\/wp\/v2\/categories?post=485696"},{"taxonomy":"post_tag","embeddable":true,"href":"http:\/\/desarrollo.grupomedios.com\/futbol\/wp-json\/wp\/v2\/tags?post=485696"}],"curies":[{"name":"wp","href":"https:\/\/api.w.org\/{rel}","templated":true}]}}