{"id":485722,"date":"2017-06-28T15:56:04","date_gmt":"2017-06-28T20:56:04","guid":{"rendered":"https:\/\/www.futboltotal.com.mx\/?p=485722"},"modified":"2017-06-28T15:56:04","modified_gmt":"2017-06-28T20:56:04","slug":"chile-vence-portugal-esta-final-copa-confederaciones","status":"publish","type":"post","link":"http:\/\/desarrollo.grupomedios.com\/futbol\/destacado-home\/chile-vence-portugal-esta-final-copa-confederaciones\/2017\/06","title":{"rendered":"Chile vence a Portugal y est\u00e1 en la final de la Copa Confederaciones"},"content":{"rendered":"<p>En un partido muy cerrado,\u00a0<strong>Chile<\/strong> venci\u00f3 a<strong> Portugal<\/strong> en tanda de penales y se convirti\u00f3 en el primer finalista de la<strong> Copa Confederaciones<\/strong> de Rusia 2017, su rival se definir\u00e1 entre el duelo de <strong>Alemania<\/strong> contra <strong>M\u00e9xico<\/strong>.<\/p>\n<p>Ambos equipos tuvieron oportunidades claras de gol y alternaron la posesi\u00f3n del bal\u00f3n. Sin embargo, en el segundo tiempo el cansancio merm\u00f3 el accionar de ambos conjuntos quienes comenzaron a llevar el partido al tiempo extra.<\/p>\n<p style=\"text-align: center;\"><span style=\"color: #333399;\"><a style=\"color: #333399;\" href=\"https:\/\/www.futboltotal.com.mx\/2017\/06\/joffre-guerron-revela-jersey-pumas\/\" target=\"_blank\" rel=\"noopener noreferrer\">VER M\u00c1S: El nuevo jersey de Pumas<\/a><\/span><\/p>\n<p>En la pr\u00f3rroga ambos equipos se vieron con posibilidades de anotar; <strong>Chile<\/strong> peg\u00f3 dos pelotas en el poste pero ninguno pudo irse en el marcador.<\/p>\n<p>En la tanda de penales,<strong> Arturo Vidal, Alexis S\u00e1nchez y Arangu\u00edz<\/strong> acertaron sus tiros, mientras que<strong> Nani, Moutinho y Quaresma<\/strong> erraron sus respectivos tiros con lo que los andinos se llevaron el triunfo; <strong>Cristiano Ronaldo<\/strong> se fue sin poder patear su penal. <strong>Claudio Bravo<\/strong> se levant\u00f3 como el h\u00e9roe del juego al detener los tres tiros de <strong>Portugal<\/strong>.<\/p>\n<p>El domingo ser\u00e1n ambos juegos; <strong>Chile<\/strong> enfrentar\u00e1 el partido por la copa y <strong>Portugal<\/strong> jugar\u00e1 el encuentro por el tercer lugar, en espera de lo que pase en el duelo entre <strong>Alemania y M\u00e9xico<\/strong>.<\/p>\n<p style=\"text-align: center;\"><span style=\"color: #333399;\"><a style=\"color: #333399;\" href=\"https:\/\/www.futboltotal.com.mx\/2017\/06\/daniella-chavez-manda-sexy-apoyo-a-chile-en-confederaciones\/\" target=\"_blank\" rel=\"noopener noreferrer\">VER M\u00c1S: Daniella Ch\u00e1vez y su sexy foto para apoyar a Chile<\/a><\/span><\/p>\n","protected":false},"excerpt":{"rendered":"<p>Los andinos se impusieron en tanda de penales; el otro finalista saldr\u00e1 del duelo entre Alemania y M\u00e9xico<\/p>\n","protected":false},"author":20,"featured_media":485745,"comment_status":"closed","ping_status":"closed","sticky":false,"template":"","format":"standard","meta":[],"categories":[3868,5,3839],"tags":[406,1580,6013,715,8853],"_links":{"self":[{"href":"http:\/\/desarrollo.grupomedios.com\/futbol\/wp-json\/wp\/v2\/posts\/485722"}],"collection":[{"href":"http:\/\/desarrollo.grupomedios.com\/futbol\/wp-json\/wp\/v2\/posts"}],"about":[{"href":"http:\/\/desarrollo.grupomedios.com\/futbol\/wp-json\/wp\/v2\/types\/post"}],"author":[{"embeddable":true,"href":"http:\/\/desarrollo.grupomedios.com\/futbol\/wp-json\/wp\/v2\/users\/20"}],"replies":[{"embeddable":true,"href":"http:\/\/desarrollo.grupomedios.com\/futbol\/wp-json\/wp\/v2\/comments?post=485722"}],"version-history":[{"count":1,"href":"http:\/\/desarrollo.grupomedios.com\/futbol\/wp-json\/wp\/v2\/posts\/485722\/revisions"}],"predecessor-version":[{"id":485747,"href":"http:\/\/desarrollo.grupomedios.com\/futbol\/wp-json\/wp\/v2\/posts\/485722\/revisions\/485747"}],"wp:featuredmedia":[{"embeddable":true,"href":"http:\/\/desarrollo.grupomedios.com\/futbol\/wp-json\/wp\/v2\/media\/485745"}],"wp:attachment":[{"href":"http:\/\/desarrollo.grupomedios.com\/futbol\/wp-json\/wp\/v2\/media?parent=485722"}],"wp:term":[{"taxonomy":"category","embeddable":true,"href":"http:\/\/desarrollo.grupomedios.com\/futbol\/wp-json\/wp\/v2\/categories?post=485722"},{"taxonomy":"post_tag","embeddable":true,"href":"http:\/\/desarrollo.grupomedios.com\/futbol\/wp-json\/wp\/v2\/tags?post=485722"}],"curies":[{"name":"wp","href":"https:\/\/api.w.org\/{rel}","templated":true}]}}