{"id":485727,"date":"2017-06-28T14:43:43","date_gmt":"2017-06-28T19:43:43","guid":{"rendered":"https:\/\/www.futboltotal.com.mx\/?p=485727"},"modified":"2017-06-28T15:17:11","modified_gmt":"2017-06-28T20:17:11","slug":"sneijder-cerca-de-los-angeles-de-la-mls","status":"publish","type":"post","link":"http:\/\/desarrollo.grupomedios.com\/futbol\/futbol-internacional\/sneijder-cerca-de-los-angeles-de-la-mls\/2017\/06","title":{"rendered":"Ni Galatasaray ni Ajax, Wesley Sneijder llegar\u00eda a la MLS"},"content":{"rendered":"<p>En d\u00edas pasados se dio a conocer que el jugador del <a href=\"https:\/\/www.futboltotal.com.mx\/2017\/06\/sneijder-volveria-al-ajax\/\" target=\"_blank\" rel=\"noopener noreferrer\"><span style=\"color: #333399;\"><strong>Galatasaray<\/strong><\/span><\/a>, <a href=\"https:\/\/www.futboltotal.com.mx\/2017\/06\/sneijder-volveria-al-ajax\/\" target=\"_blank\" rel=\"noopener noreferrer\"><span style=\"color: #333399;\"><strong>Wesley Sneijder<\/strong><\/span><\/a>, volver\u00eda a su natal <strong>Holanda<\/strong> para jugar con el <strong>Ajax<\/strong>, luego de que el conjunto turco tuviera contemplado usar al exfutbolista del <a href=\"https:\/\/www.futboltotal.com.mx\/2017\/06\/real-madrid-ficharia-a-delantero-surgido-del-barcelona\/\" target=\"_blank\" rel=\"noopener noreferrer\"><span style=\"color: #333399;\"><strong>Real Madrid<\/strong><\/span><\/a> como moneda de cambio por el lateral <strong>Kenny Tete<\/strong>.<\/p>\n<p style=\"text-align: center;\"><a href=\"https:\/\/www.futboltotal.com.mx\/2017\/06\/orrantia-olvido-a-pumas-y-se-debe-a-america\/\" target=\"_blank\" rel=\"noopener noreferrer\"><span style=\"color: #333399;\">VER M\u00c1S:\u00a0Orrantia ya olvid\u00f3 a Pumas y ahora se debe a Am\u00e9rica<\/span><\/a><\/p>\n<p>Sin embargo, parace que el futuro de <strong>Sneijder<\/strong> estar\u00eda en <strong>Los \u00c1ngeles FC<\/strong>, equipo que har\u00e1 su debut en la <a href=\"https:\/\/www.futboltotal.com.mx\/2017\/06\/la-increible-cifra-ofrece-este-equipo-la-mls-gignac\/\" target=\"_blank\" rel=\"noopener noreferrer\"><span style=\"color: #333399;\"><strong>MLS<\/strong> <\/span><\/a>en 2018, por lo que el holand\u00e9s ser\u00eda la mejor opci\u00f3n para el conjunto angelino que busca un jugador de talla mundial.<\/p>\n<p style=\"text-align: center;\"><a href=\"https:\/\/www.futboltotal.com.mx\/2017\/06\/aficionado-cruz-azul-se-tatuo-al-chaco-gimenez-este-respondio\/\" target=\"_blank\" rel=\"noopener noreferrer\"><span style=\"color: #333399;\">VER M\u00c1S:\u00a0Aficionado de Cruz Azul se tatu\u00f3 al Chaco Gim\u00e9nez y \u00e9ste respondi\u00f3<\/span><\/a><\/p>\n<p>De acuerdo con informaci\u00f3n de ESPN, el veterano futbolista llegar\u00eda a la liga de <strong>Estados Unidos<\/strong> en marzo de 2018, ya que a\u00fan tiene contrato con los turcos, y lo har\u00eda por los pr\u00f3ximos dos a\u00f1os y 3.5 millones de d\u00f3lares al a\u00f1o.<\/p>\n","protected":false},"excerpt":{"rendered":"<p>Sneijder cambiar\u00eda Holanda por la MLS de Estados Unidos<\/p>\n","protected":false},"author":20,"featured_media":484846,"comment_status":"closed","ping_status":"closed","sticky":false,"template":"","format":"standard","meta":[],"categories":[7740,3839],"tags":[1603,310,6032,9189,9188,195,5988,1938],"_links":{"self":[{"href":"http:\/\/desarrollo.grupomedios.com\/futbol\/wp-json\/wp\/v2\/posts\/485727"}],"collection":[{"href":"http:\/\/desarrollo.grupomedios.com\/futbol\/wp-json\/wp\/v2\/posts"}],"about":[{"href":"http:\/\/desarrollo.grupomedios.com\/futbol\/wp-json\/wp\/v2\/types\/post"}],"author":[{"embeddable":true,"href":"http:\/\/desarrollo.grupomedios.com\/futbol\/wp-json\/wp\/v2\/users\/20"}],"replies":[{"embeddable":true,"href":"http:\/\/desarrollo.grupomedios.com\/futbol\/wp-json\/wp\/v2\/comments?post=485727"}],"version-history":[{"count":2,"href":"http:\/\/desarrollo.grupomedios.com\/futbol\/wp-json\/wp\/v2\/posts\/485727\/revisions"}],"predecessor-version":[{"id":485739,"href":"http:\/\/desarrollo.grupomedios.com\/futbol\/wp-json\/wp\/v2\/posts\/485727\/revisions\/485739"}],"wp:featuredmedia":[{"embeddable":true,"href":"http:\/\/desarrollo.grupomedios.com\/futbol\/wp-json\/wp\/v2\/media\/484846"}],"wp:attachment":[{"href":"http:\/\/desarrollo.grupomedios.com\/futbol\/wp-json\/wp\/v2\/media?parent=485727"}],"wp:term":[{"taxonomy":"category","embeddable":true,"href":"http:\/\/desarrollo.grupomedios.com\/futbol\/wp-json\/wp\/v2\/categories?post=485727"},{"taxonomy":"post_tag","embeddable":true,"href":"http:\/\/desarrollo.grupomedios.com\/futbol\/wp-json\/wp\/v2\/tags?post=485727"}],"curies":[{"name":"wp","href":"https:\/\/api.w.org\/{rel}","templated":true}]}}