{"id":485760,"date":"2017-06-28T16:31:04","date_gmt":"2017-06-28T21:31:04","guid":{"rendered":"https:\/\/www.futboltotal.com.mx\/?p=485760"},"modified":"2017-06-28T16:31:04","modified_gmt":"2017-06-28T21:31:04","slug":"aficion-chile-quiere-a-mexico-en-la-final-meterle-cuatro","status":"publish","type":"post","link":"http:\/\/desarrollo.grupomedios.com\/futbol\/futbol-internacional\/aficion-chile-quiere-a-mexico-en-la-final-meterle-cuatro\/2017\/06","title":{"rendered":"Afici\u00f3n de Chile quiere a M\u00e9xico en la final"},"content":{"rendered":"<p>Luego de la clasificaci\u00f3n de Chile a la Final de la Copa Confederaciones tras vencer a Portugal, la afici\u00f3n sudamericana ya espera a M\u00e9xico en la disputa por el t\u00edtulo, pues desean que se repita una goleada como la de 2016 en la Copa Am\u00e9rica.<\/p>\n<p>&#8220;A M\u00e9xico, claro (prefiere en la Final). Es verdad que es una Final peligrosa, ya que les ganamos 7-0 hace no mucho tiempo. Y ellos est\u00e1n muy revanchistas. Pues mejor que juguemos la Final y les metemos cuatro goles en vez de siete&#8221;, coment\u00f3 Rodrigo, fiel seguidor de <em>La Roja<\/em>, que se encuentra en Rusia.<\/p>\n<p style=\"text-align: center;\"><span style=\"color: #3366ff;\"><a style=\"color: #3366ff;\" href=\"https:\/\/www.futboltotal.com.mx\/2017\/06\/los-memes-del-portugal-vs-chile\/\">VER M\u00c1S: Los Memes del Portugal vs Chile<\/a><\/span><\/p>\n<p>Fue el pasado 18 de junio del 2016 cuando Chile propin\u00f3 una humillante goleada a M\u00e9xico en los Cuartos de Final de la Copa Am\u00e9rica Centenario; en dicho juego, Eduardo Vargas, actual elemento de Tigres, marc\u00f3 cuatro anotaciones.<\/p>\n<p><em>*Con informaci\u00f3n del Diario R\u00e9cord.<\/em><\/p>\n","protected":false},"excerpt":{"rendered":"<p>La afici\u00f3n quiere que Chile repita la goleada de 2016.<\/p>\n","protected":false},"author":20,"featured_media":485767,"comment_status":"closed","ping_status":"closed","sticky":false,"template":"","format":"standard","meta":[],"categories":[3839],"tags":[406,1580,65],"_links":{"self":[{"href":"http:\/\/desarrollo.grupomedios.com\/futbol\/wp-json\/wp\/v2\/posts\/485760"}],"collection":[{"href":"http:\/\/desarrollo.grupomedios.com\/futbol\/wp-json\/wp\/v2\/posts"}],"about":[{"href":"http:\/\/desarrollo.grupomedios.com\/futbol\/wp-json\/wp\/v2\/types\/post"}],"author":[{"embeddable":true,"href":"http:\/\/desarrollo.grupomedios.com\/futbol\/wp-json\/wp\/v2\/users\/20"}],"replies":[{"embeddable":true,"href":"http:\/\/desarrollo.grupomedios.com\/futbol\/wp-json\/wp\/v2\/comments?post=485760"}],"version-history":[{"count":1,"href":"http:\/\/desarrollo.grupomedios.com\/futbol\/wp-json\/wp\/v2\/posts\/485760\/revisions"}],"predecessor-version":[{"id":485769,"href":"http:\/\/desarrollo.grupomedios.com\/futbol\/wp-json\/wp\/v2\/posts\/485760\/revisions\/485769"}],"wp:featuredmedia":[{"embeddable":true,"href":"http:\/\/desarrollo.grupomedios.com\/futbol\/wp-json\/wp\/v2\/media\/485767"}],"wp:attachment":[{"href":"http:\/\/desarrollo.grupomedios.com\/futbol\/wp-json\/wp\/v2\/media?parent=485760"}],"wp:term":[{"taxonomy":"category","embeddable":true,"href":"http:\/\/desarrollo.grupomedios.com\/futbol\/wp-json\/wp\/v2\/categories?post=485760"},{"taxonomy":"post_tag","embeddable":true,"href":"http:\/\/desarrollo.grupomedios.com\/futbol\/wp-json\/wp\/v2\/tags?post=485760"}],"curies":[{"name":"wp","href":"https:\/\/api.w.org\/{rel}","templated":true}]}}