{"id":485761,"date":"2017-06-28T16:22:34","date_gmt":"2017-06-28T21:22:34","guid":{"rendered":"https:\/\/www.futboltotal.com.mx\/?p=485761"},"modified":"2017-06-28T16:25:36","modified_gmt":"2017-06-28T21:25:36","slug":"franck-ribery-felicita-a-vidal-chile-vencer-a-portugal","status":"publish","type":"post","link":"http:\/\/desarrollo.grupomedios.com\/futbol\/futbol-internacional\/franck-ribery-felicita-a-vidal-chile-vencer-a-portugal\/2017\/06","title":{"rendered":"Franck Rib\u00e9ry felicita a Vidal y Chile por vencer a Portugal"},"content":{"rendered":"<p>Tras imponerse a Portugal en las Semifinales de la Copa Confederaciones de Rusia 2017, la selecci\u00f3n de <strong>Chile<\/strong> comenz\u00f3 a ser felicitada desde diferentes partes del mundo; una de los mensajes fue enviado por un jugador del Bayern Munich: <strong>Franck Rib\u00e9ry<\/strong>.<\/p>\n<p>El franc\u00e9s, <strong>Franck Rib\u00e9ry<\/strong>, envi\u00f3 felicitaciones a su compa\u00f1ero en el Bayern Munich, Arturo Vidal, quien junto a su selecci\u00f3n, consiguieron llegar a una Final de Copa Confederaciones, en su primera participaci\u00f3n, en dicho torneo.<\/p>\n<p style=\"text-align: center;\"><span style=\"color: #3366ff;\"><a style=\"color: #3366ff;\" href=\"https:\/\/en-vivo.futboltotal.com.mx\/partido\/portugal-vs-chile-copa-confederaciones-2017\/124\/\" target=\"_blank\" rel=\"noopener noreferrer\"><strong>VER M\u00c1S: AS\u00cd SE VIVI\u00d3 | Portugal 0(0)-(3)0 Chile | Copa Confederaciones<\/strong><\/a><\/span><\/p>\n<blockquote class=\"twitter-tweet\" data-lang=\"es\">\n<p dir=\"ltr\" lang=\"es\">Vamosssss! &#x1f1e8;&#x1f1f1;&#x1f4aa;&#x1f3fc;&#x1f4aa;&#x1f3fc; Felicitaciones <a href=\"https:\/\/twitter.com\/kingarturo23\">@kingarturo23<\/a> y Chile!!!! &#x1f44f;&#x1f3fc;&#x1f44f;&#x1f3fc;&#x1f44f;&#x1f3fc; <a href=\"https:\/\/twitter.com\/hashtag\/VamosChile?src=hash\">#VamosChile<\/a> <a href=\"https:\/\/twitter.com\/hashtag\/PORCHI?src=hash\">#PORCHI<\/a> <a href=\"https:\/\/twitter.com\/hashtag\/LaRoja?src=hash\">#LaRoja<\/a> <a href=\"https:\/\/twitter.com\/hashtag\/ConfedCup?src=hash\">#ConfedCup<\/a> <a href=\"https:\/\/twitter.com\/hashtag\/MiaSanMia?src=hash\">#MiaSanMia<\/a><\/p>\n<p>\u2014 Franck Rib\u00e9ry (@FranckRibery) <a href=\"https:\/\/twitter.com\/FranckRibery\/status\/880169322546638852\">28 de junio de 2017<\/a><\/p><\/blockquote>\n<p><script async src=\"\/\/platform.twitter.com\/widgets.js\" charset=\"utf-8\"><\/script><\/p>\n<p style=\"text-align: center;\"><span style=\"color: #3366ff;\"><a style=\"color: #3366ff;\" href=\"https:\/\/www.futboltotal.com.mx\/2017\/06\/chile-vence-portugal-esta-final-copa-confederaciones\/\" target=\"_blank\" rel=\"noopener noreferrer\"><strong>VER M\u00c1S: A pesar de penales no marcados y postes, La Roja se impone<\/strong><\/a><\/span><\/p>\n<blockquote class=\"twitter-tweet\" data-lang=\"es\">\n<p dir=\"ltr\" lang=\"es\">\u00a1Que no se acaben nunca los festejos! <a href=\"https:\/\/twitter.com\/hashtag\/LaRoja?src=hash\">#LaRoja<\/a> finalista de la <a href=\"https:\/\/twitter.com\/hashtag\/ConfedCup?src=hash\">#ConfedCup<\/a> <a href=\"https:\/\/t.co\/2WpfEH7VsL\">https:\/\/t.co\/2WpfEH7VsL<\/a><br \/>\n<a href=\"https:\/\/twitter.com\/hashtag\/VamosChile?src=hash\">#VamosChile<\/a> \u26bd\ufe0f&#x1f1e8;&#x1f1f1; <a href=\"https:\/\/t.co\/H5Ch2dtpV5\">pic.twitter.com\/H5Ch2dtpV5<\/a><\/p>\n<p>\u2014 Selecci\u00f3n Chilena (@LaRoja) <a href=\"https:\/\/twitter.com\/LaRoja\/status\/880173168543109120\">28 de junio de 2017<\/a><\/p><\/blockquote>\n<p><script async src=\"\/\/platform.twitter.com\/widgets.js\" charset=\"utf-8\"><\/script><\/p>\n<p style=\"text-align: center;\"><span style=\"color: #3366ff;\"><a style=\"color: #3366ff;\" href=\"https:\/\/www.futboltotal.com.mx\/2017\/06\/daniella-chavez-manda-sexy-apoyo-a-chile-en-confederaciones\/\" target=\"_blank\" rel=\"noopener noreferrer\"><strong>VER M\u00c1S: El mensaje m\u00e1s sensual para los seleccionados de Chile<\/strong><\/a><\/span><\/p>\n","protected":false},"excerpt":{"rendered":"<p>El futbolista del Bayern Munich, est\u00e1 contento por su compa\u00f1ero.<\/p>\n","protected":false},"author":20,"featured_media":485765,"comment_status":"closed","ping_status":"closed","sticky":false,"template":"","format":"standard","meta":[],"categories":[3868,3839],"tags":[2962,406,715],"_links":{"self":[{"href":"http:\/\/desarrollo.grupomedios.com\/futbol\/wp-json\/wp\/v2\/posts\/485761"}],"collection":[{"href":"http:\/\/desarrollo.grupomedios.com\/futbol\/wp-json\/wp\/v2\/posts"}],"about":[{"href":"http:\/\/desarrollo.grupomedios.com\/futbol\/wp-json\/wp\/v2\/types\/post"}],"author":[{"embeddable":true,"href":"http:\/\/desarrollo.grupomedios.com\/futbol\/wp-json\/wp\/v2\/users\/20"}],"replies":[{"embeddable":true,"href":"http:\/\/desarrollo.grupomedios.com\/futbol\/wp-json\/wp\/v2\/comments?post=485761"}],"version-history":[{"count":1,"href":"http:\/\/desarrollo.grupomedios.com\/futbol\/wp-json\/wp\/v2\/posts\/485761\/revisions"}],"predecessor-version":[{"id":485764,"href":"http:\/\/desarrollo.grupomedios.com\/futbol\/wp-json\/wp\/v2\/posts\/485761\/revisions\/485764"}],"wp:featuredmedia":[{"embeddable":true,"href":"http:\/\/desarrollo.grupomedios.com\/futbol\/wp-json\/wp\/v2\/media\/485765"}],"wp:attachment":[{"href":"http:\/\/desarrollo.grupomedios.com\/futbol\/wp-json\/wp\/v2\/media?parent=485761"}],"wp:term":[{"taxonomy":"category","embeddable":true,"href":"http:\/\/desarrollo.grupomedios.com\/futbol\/wp-json\/wp\/v2\/categories?post=485761"},{"taxonomy":"post_tag","embeddable":true,"href":"http:\/\/desarrollo.grupomedios.com\/futbol\/wp-json\/wp\/v2\/tags?post=485761"}],"curies":[{"name":"wp","href":"https:\/\/api.w.org\/{rel}","templated":true}]}}