{"id":485762,"date":"2017-06-28T16:32:26","date_gmt":"2017-06-28T21:32:26","guid":{"rendered":"https:\/\/www.futboltotal.com.mx\/?p=485762"},"modified":"2017-06-28T17:27:25","modified_gmt":"2017-06-28T22:27:25","slug":"penal-var-sanciono-en-portugal-vs-chile","status":"publish","type":"post","link":"http:\/\/desarrollo.grupomedios.com\/futbol\/futbol-internacional\/penal-var-sanciono-en-portugal-vs-chile\/2017\/06","title":{"rendered":"El penal que el VAR no sancion\u00f3 en el Portugal vs Chile"},"content":{"rendered":"<p>Al minuto 112 del encuentro entre <strong>Chile<\/strong> y <strong>Portugal<\/strong>\u00a0de la <strong>Copa Confederaciones<\/strong> se present\u00f3 una jugada pol\u00e9mica que pudo definir mucho antes el encuentro en favor de los andinos.<\/p>\n<p><strong>Francisco Silva<\/strong>, que ten\u00eda pocos minutos en el campo, ingres\u00f3 al \u00e1rea portuguesa y punte\u00f3 el bal\u00f3n, lo que dejar\u00eda al jugador en buena oportunidad para buscar el arco de <strong>Rui Patricio<\/strong>; sin embargo, el defensa central <strong>Fonte<\/strong> le puso una zancadilla que le impidi\u00f3 continuar con la jugada.<\/p>\n<p style=\"text-align: center;\"><span style=\"color: #333399;\"><a style=\"color: #333399;\" href=\"https:\/\/www.futboltotal.com.mx\/2017\/06\/los-memes-del-portugal-vs-chile\/\" target=\"_blank\" rel=\"noopener noreferrer\">VER M\u00c1S: Los mejores memes del Portugal vs Chile<\/a><\/span><\/p>\n<p>Al principio se dio la confusi\u00f3n, pero el \u00e1rbitro decidi\u00f3 no marcar nada, pero en la repetici\u00f3n se ve claramente la falta, por lo que los jugadores, as\u00ed como el cuerpo t\u00e9cnico de <strong>Chile<\/strong> se pregunt\u00f3 por qu\u00e9 no utilizaban el <strong>VAR<\/strong> para marcar la falta.<\/p>\n<p>El <strong>videoarbitraje<\/strong> se comenz\u00f3 a utilizar para este torneo y ha causado una gran pol\u00e9mica sobre todo por el criterio disparejo con el que se ha utilizado.<\/p>\n<p><a href=\"https:\/\/www.futboltotal.com.mx\/wp-content\/uploads\/2017\/06\/gato-silva.jpg\"><img decoding=\"async\" loading=\"lazy\" class=\"alignnone size-full wp-image-485817\" src=\"https:\/\/www.futboltotal.com.mx\/wp-content\/uploads\/2017\/06\/gato-silva.jpg\" alt=\"El penal que el VAR no sancion\u00f3 en el Portugal vs Chile 0\" srcset=\"http:\/\/desarrollo.grupomedios.com\/futbol\/wp-content\/uploads\/2017\/06\/gato-silva.jpg 620w, http:\/\/desarrollo.grupomedios.com\/futbol\/wp-content\/uploads\/2017\/06\/gato-silva-300x212.jpg 300w\" sizes=\"(max-width: 620px) 100vw, 620px\" \/><\/a><\/p>\n","protected":false},"excerpt":{"rendered":"<p>Durante el encuentro de semifinales se present\u00f3 una jugada pol\u00e9mica, que de haber utilizado el video se pudo sancionar<\/p>\n","protected":false},"author":20,"featured_media":485766,"comment_status":"closed","ping_status":"closed","sticky":false,"template":"","format":"standard","meta":[],"categories":[3868,3839],"tags":[406,1580,715,8853,9078],"_links":{"self":[{"href":"http:\/\/desarrollo.grupomedios.com\/futbol\/wp-json\/wp\/v2\/posts\/485762"}],"collection":[{"href":"http:\/\/desarrollo.grupomedios.com\/futbol\/wp-json\/wp\/v2\/posts"}],"about":[{"href":"http:\/\/desarrollo.grupomedios.com\/futbol\/wp-json\/wp\/v2\/types\/post"}],"author":[{"embeddable":true,"href":"http:\/\/desarrollo.grupomedios.com\/futbol\/wp-json\/wp\/v2\/users\/20"}],"replies":[{"embeddable":true,"href":"http:\/\/desarrollo.grupomedios.com\/futbol\/wp-json\/wp\/v2\/comments?post=485762"}],"version-history":[{"count":3,"href":"http:\/\/desarrollo.grupomedios.com\/futbol\/wp-json\/wp\/v2\/posts\/485762\/revisions"}],"predecessor-version":[{"id":485818,"href":"http:\/\/desarrollo.grupomedios.com\/futbol\/wp-json\/wp\/v2\/posts\/485762\/revisions\/485818"}],"wp:featuredmedia":[{"embeddable":true,"href":"http:\/\/desarrollo.grupomedios.com\/futbol\/wp-json\/wp\/v2\/media\/485766"}],"wp:attachment":[{"href":"http:\/\/desarrollo.grupomedios.com\/futbol\/wp-json\/wp\/v2\/media?parent=485762"}],"wp:term":[{"taxonomy":"category","embeddable":true,"href":"http:\/\/desarrollo.grupomedios.com\/futbol\/wp-json\/wp\/v2\/categories?post=485762"},{"taxonomy":"post_tag","embeddable":true,"href":"http:\/\/desarrollo.grupomedios.com\/futbol\/wp-json\/wp\/v2\/tags?post=485762"}],"curies":[{"name":"wp","href":"https:\/\/api.w.org\/{rel}","templated":true}]}}