{"id":485772,"date":"2017-06-28T17:05:43","date_gmt":"2017-06-28T22:05:43","guid":{"rendered":"https:\/\/www.futboltotal.com.mx\/?p=485772"},"modified":"2017-06-28T17:05:43","modified_gmt":"2017-06-28T22:05:43","slug":"sara-carbonero-deslumbra-con-foto-en-bikini","status":"publish","type":"post","link":"http:\/\/desarrollo.grupomedios.com\/futbol\/cambio-de-juego\/sara-carbonero-deslumbra-con-foto-en-bikini\/2017\/06","title":{"rendered":"Sara Carbonero incendia las redes con tremenda foto en bikini"},"content":{"rendered":"<p>La periodista espa\u00f1ola y esposa\u00a0del guardameta del <a href=\"https:\/\/www.futboltotal.com.mx\/2017\/06\/espanyol-negocia-con-porto-fichaje-de-diego-reyes\/\" target=\"_blank\" rel=\"noopener noreferrer\"><span style=\"color: #333399;\"><strong>Porto<\/strong><\/span><\/a>, <a href=\"https:\/\/www.futboltotal.com.mx\/2017\/06\/iker-casillas-trollea-a-sergio-ramos-lionel-messi\/\" target=\"_blank\" rel=\"noopener noreferrer\"><span style=\"color: #333399;\"><strong>Iker Casillas<\/strong>, <\/span><\/a><strong><a href=\"https:\/\/www.futboltotal.com.mx\/2017\/06\/iker-casillas-trollea-a-sergio-ramos-lionel-messi\/\"><span style=\"color: #333399;\">Sara Carbonero<\/span><\/a>, <\/strong>hizo estallar las redes sociales con tremenda fotograf\u00eda en traje de ba\u00f1o.<\/p>\n<p style=\"text-align: center;\"><a href=\"https:\/\/www.futboltotal.com.mx\/2017\/06\/penal-var-sanciono-en-portugal-vs-chile\/\" target=\"_blank\" rel=\"noopener noreferrer\"><span style=\"color: #333399;\">VER M\u00c1S:\u00a0El penal que el VAR no sancion\u00f3 en el Portugal vs Chile<\/span><\/a><\/p>\n<p><strong>Carbonero<\/strong> comparti\u00f3 a trav\u00e9s de su cuenta de <strong>Instagram<\/strong> una imagen en la que aparece luciendo un traje de ba\u00f1o azul turquesa, donde deja ver su escultural figura y algo m\u00e1s que eso, situaci\u00f3n que gener\u00f3 miles de comentarios de sus seguidores.<\/p>\n<p style=\"text-align: center;\"><a href=\"https:\/\/www.futboltotal.com.mx\/2017\/06\/franck-ribery-felicita-a-vidal-chile-vencer-a-portugal\/\" target=\"_blank\" rel=\"noopener noreferrer\"><span style=\"color: #333399;\">VER M\u00c1S:\u00a0Franck Rib\u00e9ry felicita a Vidal y Chile por vencer a Portugal<\/span><\/a><\/p>\n<p>Diversos\u00a0seguidores de la espa\u00f1ola dejaron entrever que <strong>Carbonero<\/strong> se oper\u00f3 el busto, hecho que queda m\u00e1s que claro con dicha foto.<\/p>\n<p><a href=\"https:\/\/www.futboltotal.com.mx\/wp-content\/uploads\/2017\/06\/15-1.jpg\"><img decoding=\"async\" loading=\"lazy\" class=\"alignnone size-medium wp-image-485787\" src=\"https:\/\/www.futboltotal.com.mx\/wp-content\/uploads\/2017\/06\/15-1-300x276.jpg\" alt=\"Sara Carbonero incendia las redes con tremenda foto en bikini 0\" srcset=\"http:\/\/desarrollo.grupomedios.com\/futbol\/wp-content\/uploads\/2017\/06\/15-1-300x276.jpg 300w, http:\/\/desarrollo.grupomedios.com\/futbol\/wp-content\/uploads\/2017\/06\/15-1.jpg 694w\" sizes=\"(max-width: 300px) 100vw, 300px\" \/><\/a><a href=\"https:\/\/www.futboltotal.com.mx\/wp-content\/uploads\/2017\/06\/1-3.jpg\"><img decoding=\"async\" loading=\"lazy\" class=\"alignnone size-medium wp-image-485773\" src=\"https:\/\/www.futboltotal.com.mx\/wp-content\/uploads\/2017\/06\/1-3-239x300.jpg\" alt=\"Sara Carbonero incendia las redes con tremenda foto en bikini 1\" srcset=\"http:\/\/desarrollo.grupomedios.com\/futbol\/wp-content\/uploads\/2017\/06\/1-3-239x300.jpg 239w, http:\/\/desarrollo.grupomedios.com\/futbol\/wp-content\/uploads\/2017\/06\/1-3.jpg 510w\" sizes=\"(max-width: 239px) 100vw, 239px\" \/><\/a> <a href=\"https:\/\/www.futboltotal.com.mx\/wp-content\/uploads\/2017\/06\/2-2.jpg\"><img decoding=\"async\" loading=\"lazy\" class=\"alignnone size-medium wp-image-485774\" src=\"https:\/\/www.futboltotal.com.mx\/wp-content\/uploads\/2017\/06\/2-2-300x289.jpg\" alt=\"Sara Carbonero incendia las redes con tremenda foto en bikini 2\" srcset=\"http:\/\/desarrollo.grupomedios.com\/futbol\/wp-content\/uploads\/2017\/06\/2-2-300x289.jpg 300w, http:\/\/desarrollo.grupomedios.com\/futbol\/wp-content\/uploads\/2017\/06\/2-2.jpg 664w\" sizes=\"(max-width: 300px) 100vw, 300px\" \/><\/a> <a href=\"https:\/\/www.futboltotal.com.mx\/wp-content\/uploads\/2017\/06\/3-2.jpg\"><img decoding=\"async\" loading=\"lazy\" class=\"alignnone size-medium wp-image-485775\" src=\"https:\/\/www.futboltotal.com.mx\/wp-content\/uploads\/2017\/06\/3-2-246x300.jpg\" alt=\"Sara Carbonero incendia las redes con tremenda foto en bikini 3\" srcset=\"http:\/\/desarrollo.grupomedios.com\/futbol\/wp-content\/uploads\/2017\/06\/3-2-246x300.jpg 246w, http:\/\/desarrollo.grupomedios.com\/futbol\/wp-content\/uploads\/2017\/06\/3-2.jpg 523w\" sizes=\"(max-width: 246px) 100vw, 246px\" \/><\/a> <a href=\"https:\/\/www.futboltotal.com.mx\/wp-content\/uploads\/2017\/06\/4-1.jpg\"><img decoding=\"async\" loading=\"lazy\" class=\"alignnone size-medium wp-image-485776\" src=\"https:\/\/www.futboltotal.com.mx\/wp-content\/uploads\/2017\/06\/4-1-300x276.jpg\" alt=\"Sara Carbonero incendia las redes con tremenda foto en bikini 4\" srcset=\"http:\/\/desarrollo.grupomedios.com\/futbol\/wp-content\/uploads\/2017\/06\/4-1-300x276.jpg 300w, http:\/\/desarrollo.grupomedios.com\/futbol\/wp-content\/uploads\/2017\/06\/4-1.jpg 695w\" sizes=\"(max-width: 300px) 100vw, 300px\" \/><\/a> <a href=\"https:\/\/www.futboltotal.com.mx\/wp-content\/uploads\/2017\/06\/5-2.jpg\"><img decoding=\"async\" loading=\"lazy\" class=\"alignnone size-medium wp-image-485777\" src=\"https:\/\/www.futboltotal.com.mx\/wp-content\/uploads\/2017\/06\/5-2-247x300.jpg\" alt=\"Sara Carbonero incendia las redes con tremenda foto en bikini 5\" srcset=\"http:\/\/desarrollo.grupomedios.com\/futbol\/wp-content\/uploads\/2017\/06\/5-2-247x300.jpg 247w, http:\/\/desarrollo.grupomedios.com\/futbol\/wp-content\/uploads\/2017\/06\/5-2.jpg 526w\" sizes=\"(max-width: 247px) 100vw, 247px\" \/><\/a> <a href=\"https:\/\/www.futboltotal.com.mx\/wp-content\/uploads\/2017\/06\/6-2.jpg\"><img decoding=\"async\" loading=\"lazy\" class=\"alignnone size-medium wp-image-485778\" src=\"https:\/\/www.futboltotal.com.mx\/wp-content\/uploads\/2017\/06\/6-2-271x300.jpg\" alt=\"Sara Carbonero incendia las redes con tremenda foto en bikini 6\" srcset=\"http:\/\/desarrollo.grupomedios.com\/futbol\/wp-content\/uploads\/2017\/06\/6-2-271x300.jpg 271w, http:\/\/desarrollo.grupomedios.com\/futbol\/wp-content\/uploads\/2017\/06\/6-2.jpg 578w\" sizes=\"(max-width: 271px) 100vw, 271px\" \/><\/a> <a href=\"https:\/\/www.futboltotal.com.mx\/wp-content\/uploads\/2017\/06\/7-2.jpg\"><img decoding=\"async\" loading=\"lazy\" class=\"alignnone size-medium wp-image-485779\" src=\"https:\/\/www.futboltotal.com.mx\/wp-content\/uploads\/2017\/06\/7-2-300x224.jpg\" alt=\"Sara Carbonero incendia las redes con tremenda foto en bikini 7\" srcset=\"http:\/\/desarrollo.grupomedios.com\/futbol\/wp-content\/uploads\/2017\/06\/7-2-300x224.jpg 300w, http:\/\/desarrollo.grupomedios.com\/futbol\/wp-content\/uploads\/2017\/06\/7-2-768x573.jpg 768w, http:\/\/desarrollo.grupomedios.com\/futbol\/wp-content\/uploads\/2017\/06\/7-2.jpg 852w\" sizes=\"(max-width: 300px) 100vw, 300px\" \/><\/a> <a href=\"https:\/\/www.futboltotal.com.mx\/wp-content\/uploads\/2017\/06\/8-2.jpg\"><img decoding=\"async\" loading=\"lazy\" class=\"alignnone size-medium wp-image-485780\" src=\"https:\/\/www.futboltotal.com.mx\/wp-content\/uploads\/2017\/06\/8-2-240x300.jpg\" alt=\"Sara Carbonero incendia las redes con tremenda foto en bikini 8\" srcset=\"http:\/\/desarrollo.grupomedios.com\/futbol\/wp-content\/uploads\/2017\/06\/8-2-240x300.jpg 240w, http:\/\/desarrollo.grupomedios.com\/futbol\/wp-content\/uploads\/2017\/06\/8-2.jpg 512w\" sizes=\"(max-width: 240px) 100vw, 240px\" \/><\/a> <a href=\"https:\/\/www.futboltotal.com.mx\/wp-content\/uploads\/2017\/06\/9-2.jpg\"><img decoding=\"async\" loading=\"lazy\" class=\"alignnone size-medium wp-image-485781\" src=\"https:\/\/www.futboltotal.com.mx\/wp-content\/uploads\/2017\/06\/9-2-300x225.jpg\" alt=\"Sara Carbonero incendia las redes con tremenda foto en bikini 9\" srcset=\"http:\/\/desarrollo.grupomedios.com\/futbol\/wp-content\/uploads\/2017\/06\/9-2-300x225.jpg 300w, http:\/\/desarrollo.grupomedios.com\/futbol\/wp-content\/uploads\/2017\/06\/9-2-768x576.jpg 768w, http:\/\/desarrollo.grupomedios.com\/futbol\/wp-content\/uploads\/2017\/06\/9-2.jpg 852w\" sizes=\"(max-width: 300px) 100vw, 300px\" \/><\/a> <a href=\"https:\/\/www.futboltotal.com.mx\/wp-content\/uploads\/2017\/06\/10-2.jpg\"><img decoding=\"async\" loading=\"lazy\" class=\"alignnone size-medium wp-image-485782\" src=\"https:\/\/www.futboltotal.com.mx\/wp-content\/uploads\/2017\/06\/10-2-241x300.jpg\" alt=\"Sara Carbonero incendia las redes con tremenda foto en bikini 10\" srcset=\"http:\/\/desarrollo.grupomedios.com\/futbol\/wp-content\/uploads\/2017\/06\/10-2-241x300.jpg 241w, http:\/\/desarrollo.grupomedios.com\/futbol\/wp-content\/uploads\/2017\/06\/10-2.jpg 514w\" sizes=\"(max-width: 241px) 100vw, 241px\" \/><\/a> <a href=\"https:\/\/www.futboltotal.com.mx\/wp-content\/uploads\/2017\/06\/11-2.jpg\"><img decoding=\"async\" loading=\"lazy\" class=\"alignnone size-medium wp-image-485783\" src=\"https:\/\/www.futboltotal.com.mx\/wp-content\/uploads\/2017\/06\/11-2-246x300.jpg\" alt=\"Sara Carbonero incendia las redes con tremenda foto en bikini 11\" srcset=\"http:\/\/desarrollo.grupomedios.com\/futbol\/wp-content\/uploads\/2017\/06\/11-2-246x300.jpg 246w, http:\/\/desarrollo.grupomedios.com\/futbol\/wp-content\/uploads\/2017\/06\/11-2.jpg 523w\" sizes=\"(max-width: 246px) 100vw, 246px\" \/><\/a> <a href=\"https:\/\/www.futboltotal.com.mx\/wp-content\/uploads\/2017\/06\/12-1.jpg\"><img decoding=\"async\" loading=\"lazy\" class=\"alignnone size-medium wp-image-485784\" src=\"https:\/\/www.futboltotal.com.mx\/wp-content\/uploads\/2017\/06\/12-1-240x300.jpg\" alt=\"Sara Carbonero incendia las redes con tremenda foto en bikini 12\" srcset=\"http:\/\/desarrollo.grupomedios.com\/futbol\/wp-content\/uploads\/2017\/06\/12-1-240x300.jpg 240w, http:\/\/desarrollo.grupomedios.com\/futbol\/wp-content\/uploads\/2017\/06\/12-1.jpg 512w\" sizes=\"(max-width: 240px) 100vw, 240px\" \/><\/a> <a href=\"https:\/\/www.futboltotal.com.mx\/wp-content\/uploads\/2017\/06\/13-2.jpg\"><img decoding=\"async\" loading=\"lazy\" class=\"alignnone size-medium wp-image-485785\" src=\"https:\/\/www.futboltotal.com.mx\/wp-content\/uploads\/2017\/06\/13-2-239x300.jpg\" alt=\"Sara Carbonero incendia las redes con tremenda foto en bikini 13\" srcset=\"http:\/\/desarrollo.grupomedios.com\/futbol\/wp-content\/uploads\/2017\/06\/13-2-239x300.jpg 239w, http:\/\/desarrollo.grupomedios.com\/futbol\/wp-content\/uploads\/2017\/06\/13-2.jpg 509w\" sizes=\"(max-width: 239px) 100vw, 239px\" \/><\/a> <a href=\"https:\/\/www.futboltotal.com.mx\/wp-content\/uploads\/2017\/06\/14-2.jpg\"><img decoding=\"async\" loading=\"lazy\" class=\"alignnone size-medium wp-image-485786\" src=\"https:\/\/www.futboltotal.com.mx\/wp-content\/uploads\/2017\/06\/14-2-234x300.jpg\" alt=\"Sara Carbonero incendia las redes con tremenda foto en bikini 14\" srcset=\"http:\/\/desarrollo.grupomedios.com\/futbol\/wp-content\/uploads\/2017\/06\/14-2-234x300.jpg 234w, http:\/\/desarrollo.grupomedios.com\/futbol\/wp-content\/uploads\/2017\/06\/14-2.jpg 498w\" sizes=\"(max-width: 234px) 100vw, 234px\" \/><\/a> <a href=\"https:\/\/www.futboltotal.com.mx\/wp-content\/uploads\/2017\/06\/16.jpg\"><img decoding=\"async\" loading=\"lazy\" class=\"alignnone size-medium wp-image-485788\" src=\"https:\/\/www.futboltotal.com.mx\/wp-content\/uploads\/2017\/06\/16-239x300.jpg\" alt=\"Sara Carbonero incendia las redes con tremenda foto en bikini 15\" srcset=\"http:\/\/desarrollo.grupomedios.com\/futbol\/wp-content\/uploads\/2017\/06\/16-239x300.jpg 239w, http:\/\/desarrollo.grupomedios.com\/futbol\/wp-content\/uploads\/2017\/06\/16.jpg 509w\" sizes=\"(max-width: 239px) 100vw, 239px\" \/><\/a> <a href=\"https:\/\/www.futboltotal.com.mx\/wp-content\/uploads\/2017\/06\/17-1.jpg\"><img decoding=\"async\" loading=\"lazy\" class=\"alignnone size-medium wp-image-485789\" src=\"https:\/\/www.futboltotal.com.mx\/wp-content\/uploads\/2017\/06\/17-1-300x229.jpg\" alt=\"Sara Carbonero incendia las redes con tremenda foto en bikini 16\" srcset=\"http:\/\/desarrollo.grupomedios.com\/futbol\/wp-content\/uploads\/2017\/06\/17-1-300x229.jpg 300w, http:\/\/desarrollo.grupomedios.com\/futbol\/wp-content\/uploads\/2017\/06\/17-1-768x586.jpg 768w, http:\/\/desarrollo.grupomedios.com\/futbol\/wp-content\/uploads\/2017\/06\/17-1.jpg 837w\" sizes=\"(max-width: 300px) 100vw, 300px\" \/><\/a> <a href=\"https:\/\/www.futboltotal.com.mx\/wp-content\/uploads\/2017\/06\/18-1.jpg\"><img decoding=\"async\" loading=\"lazy\" class=\"alignnone size-medium wp-image-485790\" src=\"https:\/\/www.futboltotal.com.mx\/wp-content\/uploads\/2017\/06\/18-1-219x300.jpg\" alt=\"Sara Carbonero incendia las redes con tremenda foto en bikini 17\" srcset=\"http:\/\/desarrollo.grupomedios.com\/futbol\/wp-content\/uploads\/2017\/06\/18-1-219x300.jpg 219w, http:\/\/desarrollo.grupomedios.com\/futbol\/wp-content\/uploads\/2017\/06\/18-1.jpg 467w\" sizes=\"(max-width: 219px) 100vw, 219px\" \/><\/a> <a href=\"https:\/\/www.futboltotal.com.mx\/wp-content\/uploads\/2017\/06\/19.jpg\"><img decoding=\"async\" loading=\"lazy\" class=\"alignnone size-medium wp-image-485791\" src=\"https:\/\/www.futboltotal.com.mx\/wp-content\/uploads\/2017\/06\/19-209x300.jpg\" alt=\"Sara Carbonero incendia las redes con tremenda foto en bikini 18\" srcset=\"http:\/\/desarrollo.grupomedios.com\/futbol\/wp-content\/uploads\/2017\/06\/19-209x300.jpg 209w, http:\/\/desarrollo.grupomedios.com\/futbol\/wp-content\/uploads\/2017\/06\/19.jpg 445w\" sizes=\"(max-width: 209px) 100vw, 209px\" \/><\/a><\/p>\n","protected":false},"excerpt":{"rendered":"<p>Sara Carbonero roba suspiros en Instagram<\/p>\n","protected":false},"author":20,"featured_media":485800,"comment_status":"closed","ping_status":"closed","sticky":false,"template":"","format":"standard","meta":[],"categories":[5419],"tags":[6019,5789,1208,3958],"_links":{"self":[{"href":"http:\/\/desarrollo.grupomedios.com\/futbol\/wp-json\/wp\/v2\/posts\/485772"}],"collection":[{"href":"http:\/\/desarrollo.grupomedios.com\/futbol\/wp-json\/wp\/v2\/posts"}],"about":[{"href":"http:\/\/desarrollo.grupomedios.com\/futbol\/wp-json\/wp\/v2\/types\/post"}],"author":[{"embeddable":true,"href":"http:\/\/desarrollo.grupomedios.com\/futbol\/wp-json\/wp\/v2\/users\/20"}],"replies":[{"embeddable":true,"href":"http:\/\/desarrollo.grupomedios.com\/futbol\/wp-json\/wp\/v2\/comments?post=485772"}],"version-history":[{"count":1,"href":"http:\/\/desarrollo.grupomedios.com\/futbol\/wp-json\/wp\/v2\/posts\/485772\/revisions"}],"predecessor-version":[{"id":485802,"href":"http:\/\/desarrollo.grupomedios.com\/futbol\/wp-json\/wp\/v2\/posts\/485772\/revisions\/485802"}],"wp:featuredmedia":[{"embeddable":true,"href":"http:\/\/desarrollo.grupomedios.com\/futbol\/wp-json\/wp\/v2\/media\/485800"}],"wp:attachment":[{"href":"http:\/\/desarrollo.grupomedios.com\/futbol\/wp-json\/wp\/v2\/media?parent=485772"}],"wp:term":[{"taxonomy":"category","embeddable":true,"href":"http:\/\/desarrollo.grupomedios.com\/futbol\/wp-json\/wp\/v2\/categories?post=485772"},{"taxonomy":"post_tag","embeddable":true,"href":"http:\/\/desarrollo.grupomedios.com\/futbol\/wp-json\/wp\/v2\/tags?post=485772"}],"curies":[{"name":"wp","href":"https:\/\/api.w.org\/{rel}","templated":true}]}}