{"id":485792,"date":"2017-06-28T17:07:43","date_gmt":"2017-06-28T22:07:43","guid":{"rendered":"https:\/\/www.futboltotal.com.mx\/?p=485792"},"modified":"2017-06-28T17:41:32","modified_gmt":"2017-06-28T22:41:32","slug":"oficial-convocatoria-seleccion-mexicana-copa-oro","status":"publish","type":"post","link":"http:\/\/desarrollo.grupomedios.com\/futbol\/destacado-home\/oficial-convocatoria-seleccion-mexicana-copa-oro\/2017\/06","title":{"rendered":"OFICIAL: Convocatoria de Selecci\u00f3n Mexicana para Copa Oro"},"content":{"rendered":"<p>El director t\u00e9cnico de la <span style=\"color: #ff0000;\"><a style=\"color: #ff0000;\" href=\"http:\/\/www.futboltotal.com.mx\/futbol-mexicano\/seleccion-mexicana\/\" target=\"_blank\" rel=\"noopener noreferrer\">Selecci\u00f3n Mexicana<\/a> <\/span>que disputar\u00e1 la <strong>Copa Oro<\/strong>, Pompilio P\u00e1ez, ya tiene la lista de los jugadores que competir\u00e1n en el certamen de CONCACAF, e incluso, ya habr\u00eda hablado con los futbolistas que ser\u00e1n dados de baja de la concentraci\u00f3n actual.<\/p>\n<p>Los cinco futbolistas que dejar\u00e1n de formar parte de la <strong>Selecci\u00f3n Mexicana<\/strong>, son: Jorge Torres Nilo, Jes\u00fas Isijara, Javier Salas, Walter Sandoval y Carlos Vargas. Cabe destacar que, pese a las dolencias de Mart\u00edn Barrag\u00e1n y Alan Pulido, los dos se mantendr\u00e1n con el combinado nacional.<\/p>\n<p style=\"text-align: center;\"><span style=\"color: #3366ff;\"><a style=\"color: #3366ff;\" href=\"https:\/\/en-vivo.futboltotal.com.mx\/partido\/portugal-vs-chile-copa-confederaciones-2017\/124\/\" target=\"_blank\" rel=\"noopener noreferrer\"><strong>VER M\u00c1S: AS\u00cd SE VIVI\u00d3 | Portugal 0(0)-(3)0 Chile<\/strong><\/a><\/span><\/p>\n<p>Los jugadores que se incorporar\u00e1n al <em>Tri<\/em> de <strong>Copa Oro<\/strong>, ser\u00e1n Edson \u00c1lvarez, Alejandro Mayorga, Luis Reyes, quienes se encuentran concentrados con la <strong>Selecci\u00f3n Mexicana<\/strong> de Copa Confederaciones. Esta es la lista oficial de la Copa Oro de 2017.<\/p>\n<p style=\"text-align: center;\"><span style=\"color: #3366ff;\"><a style=\"color: #3366ff;\" href=\"https:\/\/en-vivo.futboltotal.com.mx\/partido\/mexico-vs-ghana-amistoso\/125\/\" target=\"_blank\" rel=\"noopener noreferrer\"><strong>VER M\u00c1S: EN VIVO | M\u00e9xico vs Ghana | Amistoso<\/strong><\/a><\/span><\/p>\n<p style=\"text-align: center;\"><a href=\"https:\/\/www.futboltotal.com.mx\/wp-content\/uploads\/2017\/06\/convocatoria-copa-oro.jpg\"><img decoding=\"async\" loading=\"lazy\" class=\"alignnone size-full wp-image-485806\" src=\"https:\/\/www.futboltotal.com.mx\/wp-content\/uploads\/2017\/06\/convocatoria-copa-oro.jpg\" alt=\"OFICIAL: Convocatoria de Selecci\u00f3n Mexicana para Copa Oro 0\" srcset=\"http:\/\/desarrollo.grupomedios.com\/futbol\/wp-content\/uploads\/2017\/06\/convocatoria-copa-oro.jpg 1136w, http:\/\/desarrollo.grupomedios.com\/futbol\/wp-content\/uploads\/2017\/06\/convocatoria-copa-oro-300x169.jpg 300w, http:\/\/desarrollo.grupomedios.com\/futbol\/wp-content\/uploads\/2017\/06\/convocatoria-copa-oro-768x432.jpg 768w, http:\/\/desarrollo.grupomedios.com\/futbol\/wp-content\/uploads\/2017\/06\/convocatoria-copa-oro-1024x576.jpg 1024w, http:\/\/desarrollo.grupomedios.com\/futbol\/wp-content\/uploads\/2017\/06\/convocatoria-copa-oro-317x178.jpg 317w, http:\/\/desarrollo.grupomedios.com\/futbol\/wp-content\/uploads\/2017\/06\/convocatoria-copa-oro-535x301.jpg 535w, http:\/\/desarrollo.grupomedios.com\/futbol\/wp-content\/uploads\/2017\/06\/convocatoria-copa-oro-374x210.jpg 374w\" sizes=\"(max-width: 1136px) 100vw, 1136px\" \/><\/a><\/p>\n<blockquote class=\"twitter-tweet\" data-lang=\"es\">\n<p dir=\"ltr\" lang=\"es\">&#x1f4c4; | NOTA | \u00a1CONVOCATORIA LISTA!<\/p>\n<p>Ellos son los elegidos para <a href=\"https:\/\/twitter.com\/CopaOro\">@CopaOro<\/a>: <a href=\"https:\/\/t.co\/jsN7D7Jjmz\">https:\/\/t.co\/jsN7D7Jjmz<\/a><a href=\"https:\/\/twitter.com\/hashtag\/SomosM%C3%A9xico?src=hash\">#SomosM\u00e9xico<\/a> <a href=\"https:\/\/t.co\/mNskYpoNGV\">pic.twitter.com\/mNskYpoNGV<\/a><\/p>\n<p>\u2014 Selecci\u00f3n Nacional (@miseleccionmx) <a href=\"https:\/\/twitter.com\/miseleccionmx\/status\/880184043542913025\">28 de junio de 2017<\/a><\/p><\/blockquote>\n<p><script async src=\"\/\/platform.twitter.com\/widgets.js\" charset=\"utf-8\"><\/script><\/p>\n","protected":false},"excerpt":{"rendered":"<p>Cinco jugadores, causar\u00e1n baja de la concentraci\u00f3n Tricolor.<\/p>\n","protected":false},"author":20,"featured_media":485801,"comment_status":"closed","ping_status":"closed","sticky":false,"template":"","format":"standard","meta":[],"categories":[3938,5,3839,2198,3847],"tags":[1934,142],"_links":{"self":[{"href":"http:\/\/desarrollo.grupomedios.com\/futbol\/wp-json\/wp\/v2\/posts\/485792"}],"collection":[{"href":"http:\/\/desarrollo.grupomedios.com\/futbol\/wp-json\/wp\/v2\/posts"}],"about":[{"href":"http:\/\/desarrollo.grupomedios.com\/futbol\/wp-json\/wp\/v2\/types\/post"}],"author":[{"embeddable":true,"href":"http:\/\/desarrollo.grupomedios.com\/futbol\/wp-json\/wp\/v2\/users\/20"}],"replies":[{"embeddable":true,"href":"http:\/\/desarrollo.grupomedios.com\/futbol\/wp-json\/wp\/v2\/comments?post=485792"}],"version-history":[{"count":7,"href":"http:\/\/desarrollo.grupomedios.com\/futbol\/wp-json\/wp\/v2\/posts\/485792\/revisions"}],"predecessor-version":[{"id":485819,"href":"http:\/\/desarrollo.grupomedios.com\/futbol\/wp-json\/wp\/v2\/posts\/485792\/revisions\/485819"}],"wp:featuredmedia":[{"embeddable":true,"href":"http:\/\/desarrollo.grupomedios.com\/futbol\/wp-json\/wp\/v2\/media\/485801"}],"wp:attachment":[{"href":"http:\/\/desarrollo.grupomedios.com\/futbol\/wp-json\/wp\/v2\/media?parent=485792"}],"wp:term":[{"taxonomy":"category","embeddable":true,"href":"http:\/\/desarrollo.grupomedios.com\/futbol\/wp-json\/wp\/v2\/categories?post=485792"},{"taxonomy":"post_tag","embeddable":true,"href":"http:\/\/desarrollo.grupomedios.com\/futbol\/wp-json\/wp\/v2\/tags?post=485792"}],"curies":[{"name":"wp","href":"https:\/\/api.w.org\/{rel}","templated":true}]}}