{"id":485803,"date":"2017-06-28T17:21:39","date_gmt":"2017-06-28T22:21:39","guid":{"rendered":"https:\/\/www.futboltotal.com.mx\/?p=485803"},"modified":"2017-06-28T17:21:39","modified_gmt":"2017-06-28T22:21:39","slug":"en-chile-nos-conformamos-queremos-ganar-la-final-claudio-bravo","status":"publish","type":"post","link":"http:\/\/desarrollo.grupomedios.com\/futbol\/futbol-internacional\/en-chile-nos-conformamos-queremos-ganar-la-final-claudio-bravo\/2017\/06","title":{"rendered":"En Chile no nos conformamos y queremos ganar la Final: Claudio Bravo"},"content":{"rendered":"<p>El portero chileno <strong>Claudio Bravo<\/strong>, que fue elegido hoy el mejor jugador del partido de semifinales de la Copa Confederaciones ante Portugal, asegur\u00f3 que La Roja no se conforma con disputar la final del domingo.<\/p>\n<p>&#8220;No nos conformamos. Nos queda un pasito muy importante. Queremos ganar la final&#8221;, asegur\u00f3 en rueda de prensa en el estadio Kaz\u00e1n Arena tras detener los tres penaltis lanzados por Portugal.<\/p>\n<p><strong>Bravo<\/strong> destac\u00f3 la importancia que tiene para su equipo disputar el domingo la final del torneo, ya que supone &#8220;coronar todos estos exitosos a\u00f1os&#8221; de la selecci\u00f3n chilena.<\/p>\n<p style=\"text-align: center;\"><span style=\"color: #3366ff;\"><a style=\"color: #3366ff;\" href=\"https:\/\/www.futboltotal.com.mx\/2017\/06\/oficial-convocatoria-seleccion-mexicana-copa-oro\/\">VER M\u00c1S: OFICIAL: Convocatoria de Selecci\u00f3n Mexicana para Copa Oro<\/a><\/span><\/p>\n<p>&#8220;Hemos hecho un partido muy inteligente. No nos daba el f\u00edsico, pero s\u00ed el coraz\u00f3n. Hicimos el trabajo perfecto para ganarle al campe\u00f3n de Europa. El secreto es el trabajo, la constancia y la fe&#8221;, coment\u00f3.<\/p>\n<p>Neg\u00f3 que la tanda de penaltis sea &#8220;una ruleta rusa&#8221; como aseguran algunos, ya que detr\u00e1s hay mucho trabajo, informaci\u00f3n y tecnolog\u00eda.<\/p>\n<p>A su vez, neg\u00f3 que vaya a echar las campanas al vuelo tras su actuaci\u00f3n de hoy, al igual que mantuvo la calma cuando sufri\u00f3 varias lesiones durante esta temporada en el Manchester City.<\/p>\n<p>&#8220;Me lo tomo con calma. Yo ten\u00eda claro cu\u00e1l era mi labor&#8221;, apunt\u00f3 Bravo, que tuvo una destacada actuaci\u00f3n durante el partido, adem\u00e1s de la tanda de penaltis.<\/p>\n<p><strong>Bravo<\/strong> tambi\u00e9n fue crucial durante los lanzamientos de penalti en las finales contra Argentina en las dos \u00faltimas ediciones de la Copa Am\u00e9rica.EFE<\/p>\n<p style=\"text-align: center;\"><span style=\"color: #3366ff;\"><a style=\"color: #3366ff;\" href=\"https:\/\/www.futboltotal.com.mx\/2017\/06\/aficion-chile-quiere-a-mexico-en-la-final-meterle-cuatro\/\">VER M\u00c1S: Afici\u00f3n de Chile quiere a M\u00e9xico en la final<\/a><\/span><\/p>\n","protected":false},"excerpt":{"rendered":"<p>El chileno asegur\u00f3 que buscar\u00e1n el t\u00edtulo.<\/p>\n","protected":false},"author":144,"featured_media":485812,"comment_status":"closed","ping_status":"closed","sticky":false,"template":"","format":"standard","meta":[],"categories":[3839],"tags":[406,5595],"_links":{"self":[{"href":"http:\/\/desarrollo.grupomedios.com\/futbol\/wp-json\/wp\/v2\/posts\/485803"}],"collection":[{"href":"http:\/\/desarrollo.grupomedios.com\/futbol\/wp-json\/wp\/v2\/posts"}],"about":[{"href":"http:\/\/desarrollo.grupomedios.com\/futbol\/wp-json\/wp\/v2\/types\/post"}],"author":[{"embeddable":true,"href":"http:\/\/desarrollo.grupomedios.com\/futbol\/wp-json\/wp\/v2\/users\/144"}],"replies":[{"embeddable":true,"href":"http:\/\/desarrollo.grupomedios.com\/futbol\/wp-json\/wp\/v2\/comments?post=485803"}],"version-history":[{"count":1,"href":"http:\/\/desarrollo.grupomedios.com\/futbol\/wp-json\/wp\/v2\/posts\/485803\/revisions"}],"predecessor-version":[{"id":485813,"href":"http:\/\/desarrollo.grupomedios.com\/futbol\/wp-json\/wp\/v2\/posts\/485803\/revisions\/485813"}],"wp:featuredmedia":[{"embeddable":true,"href":"http:\/\/desarrollo.grupomedios.com\/futbol\/wp-json\/wp\/v2\/media\/485812"}],"wp:attachment":[{"href":"http:\/\/desarrollo.grupomedios.com\/futbol\/wp-json\/wp\/v2\/media?parent=485803"}],"wp:term":[{"taxonomy":"category","embeddable":true,"href":"http:\/\/desarrollo.grupomedios.com\/futbol\/wp-json\/wp\/v2\/categories?post=485803"},{"taxonomy":"post_tag","embeddable":true,"href":"http:\/\/desarrollo.grupomedios.com\/futbol\/wp-json\/wp\/v2\/tags?post=485803"}],"curies":[{"name":"wp","href":"https:\/\/api.w.org\/{rel}","templated":true}]}}