{"id":485805,"date":"2017-06-28T17:18:36","date_gmt":"2017-06-28T22:18:36","guid":{"rendered":"https:\/\/www.futboltotal.com.mx\/?p=485805"},"modified":"2017-06-28T17:18:36","modified_gmt":"2017-06-28T22:18:36","slug":"la-camiseta-cristiano-ronaldo-firmo-minutos-del-partido-vs-chile","status":"publish","type":"post","link":"http:\/\/desarrollo.grupomedios.com\/futbol\/futbol-internacional\/la-camiseta-cristiano-ronaldo-firmo-minutos-del-partido-vs-chile\/2017\/06","title":{"rendered":"La camiseta que Cristiano Ronaldo firm\u00f3 minutos antes del partido vs Chile"},"content":{"rendered":"<p>Previo al encuentro de semifinales entre <strong>Portugal<\/strong> y <strong>Chile<\/strong>, el delantero <strong>Cristiano Ronaldo<\/strong> se mostr\u00f3 alegre y tranquilo, tanto que se dio tiempo de firmar una playera minutos antes del silbatazo inicial.<\/p>\n<p style=\"text-align: center;\"><span style=\"color: #333399;\"><a style=\"color: #333399;\" href=\"https:\/\/www.futboltotal.com.mx\/2017\/06\/los-memes-del-portugal-vs-chile\/\" target=\"_blank\" rel=\"noopener noreferrer\">VER M\u00c1S: Los mejores memes del Portugal vs Chile<\/a><\/span><\/p>\n<p>Luego que sonaran los himnos de ambos pa\u00edses, <strong>Ronaldo<\/strong> firm\u00f3 una camiseta en pleno terreno de juego para el ni\u00f1o que fue elegido para acompa\u00f1ar al portugu\u00e9s en la entrada a la cancha de <strong>Kaz\u00e1n<\/strong>.<\/p>\n<p>El ni\u00f1o se mostr\u00f3 contento por el gesto y se march\u00f3 a las gradas con el aut\u00f3grafo del astro <strong>portugu\u00e9s<\/strong>.<\/p>\n<p style=\"text-align: center;\"><span style=\"color: #333399;\"><a style=\"color: #333399;\" href=\"https:\/\/www.futboltotal.com.mx\/2017\/06\/aficion-chile-quiere-a-mexico-en-la-final-meterle-cuatro\/\" target=\"_blank\" rel=\"noopener noreferrer\">VER M\u00c1S: Afici\u00f3n chilena quiere a M\u00e9xico en la final<\/a><\/span><\/p>\n<p><a href=\"https:\/\/www.futboltotal.com.mx\/wp-content\/uploads\/2017\/06\/cr7-jersey-2.jpg\"><img decoding=\"async\" loading=\"lazy\" class=\"alignnone size-full wp-image-485808\" src=\"https:\/\/www.futboltotal.com.mx\/wp-content\/uploads\/2017\/06\/cr7-jersey-2.jpg\" alt=\"La camiseta que Cristiano Ronaldo firm\u00f3 minutos antes del partido vs Chile 0\" srcset=\"http:\/\/desarrollo.grupomedios.com\/futbol\/wp-content\/uploads\/2017\/06\/cr7-jersey-2.jpg 600w, http:\/\/desarrollo.grupomedios.com\/futbol\/wp-content\/uploads\/2017\/06\/cr7-jersey-2-180x300.jpg 180w\" sizes=\"(max-width: 600px) 100vw, 600px\" \/><\/a><\/p>\n<p><a href=\"https:\/\/www.futboltotal.com.mx\/wp-content\/uploads\/2017\/06\/cr7-jersey.jpg\"><img decoding=\"async\" loading=\"lazy\" class=\"alignnone size-full wp-image-485809\" src=\"https:\/\/www.futboltotal.com.mx\/wp-content\/uploads\/2017\/06\/cr7-jersey.jpg\" alt=\"La camiseta que Cristiano Ronaldo firm\u00f3 minutos antes del partido vs Chile 1\" srcset=\"http:\/\/desarrollo.grupomedios.com\/futbol\/wp-content\/uploads\/2017\/06\/cr7-jersey.jpg 1200w, http:\/\/desarrollo.grupomedios.com\/futbol\/wp-content\/uploads\/2017\/06\/cr7-jersey-300x169.jpg 300w, http:\/\/desarrollo.grupomedios.com\/futbol\/wp-content\/uploads\/2017\/06\/cr7-jersey-768x432.jpg 768w, http:\/\/desarrollo.grupomedios.com\/futbol\/wp-content\/uploads\/2017\/06\/cr7-jersey-1024x576.jpg 1024w, http:\/\/desarrollo.grupomedios.com\/futbol\/wp-content\/uploads\/2017\/06\/cr7-jersey-1136x639.jpg 1136w, http:\/\/desarrollo.grupomedios.com\/futbol\/wp-content\/uploads\/2017\/06\/cr7-jersey-317x178.jpg 317w, http:\/\/desarrollo.grupomedios.com\/futbol\/wp-content\/uploads\/2017\/06\/cr7-jersey-535x301.jpg 535w, http:\/\/desarrollo.grupomedios.com\/futbol\/wp-content\/uploads\/2017\/06\/cr7-jersey-374x210.jpg 374w\" sizes=\"(max-width: 1200px) 100vw, 1200px\" \/><\/a><\/p>\n<p>&nbsp;<\/p>\n","protected":false},"excerpt":{"rendered":"<p>El delantero portugu\u00e9s se mostr\u00f3 alegre momentos previos a la semifinal de la Copa Confederaciones ante Chile<\/p>\n","protected":false},"author":20,"featured_media":484144,"comment_status":"closed","ping_status":"closed","sticky":false,"template":"","format":"standard","meta":[],"categories":[3868,3839],"tags":[406,1580,6013,715,8853],"_links":{"self":[{"href":"http:\/\/desarrollo.grupomedios.com\/futbol\/wp-json\/wp\/v2\/posts\/485805"}],"collection":[{"href":"http:\/\/desarrollo.grupomedios.com\/futbol\/wp-json\/wp\/v2\/posts"}],"about":[{"href":"http:\/\/desarrollo.grupomedios.com\/futbol\/wp-json\/wp\/v2\/types\/post"}],"author":[{"embeddable":true,"href":"http:\/\/desarrollo.grupomedios.com\/futbol\/wp-json\/wp\/v2\/users\/20"}],"replies":[{"embeddable":true,"href":"http:\/\/desarrollo.grupomedios.com\/futbol\/wp-json\/wp\/v2\/comments?post=485805"}],"version-history":[{"count":1,"href":"http:\/\/desarrollo.grupomedios.com\/futbol\/wp-json\/wp\/v2\/posts\/485805\/revisions"}],"predecessor-version":[{"id":485810,"href":"http:\/\/desarrollo.grupomedios.com\/futbol\/wp-json\/wp\/v2\/posts\/485805\/revisions\/485810"}],"wp:featuredmedia":[{"embeddable":true,"href":"http:\/\/desarrollo.grupomedios.com\/futbol\/wp-json\/wp\/v2\/media\/484144"}],"wp:attachment":[{"href":"http:\/\/desarrollo.grupomedios.com\/futbol\/wp-json\/wp\/v2\/media?parent=485805"}],"wp:term":[{"taxonomy":"category","embeddable":true,"href":"http:\/\/desarrollo.grupomedios.com\/futbol\/wp-json\/wp\/v2\/categories?post=485805"},{"taxonomy":"post_tag","embeddable":true,"href":"http:\/\/desarrollo.grupomedios.com\/futbol\/wp-json\/wp\/v2\/tags?post=485805"}],"curies":[{"name":"wp","href":"https:\/\/api.w.org\/{rel}","templated":true}]}}