{"id":485824,"date":"2017-06-28T18:18:19","date_gmt":"2017-06-28T23:18:19","guid":{"rendered":"https:\/\/www.futboltotal.com.mx\/?p=485824"},"modified":"2017-06-28T18:18:45","modified_gmt":"2017-06-28T23:18:45","slug":"mexico-juega-parecido-a-chile-arturo-vidal","status":"publish","type":"post","link":"http:\/\/desarrollo.grupomedios.com\/futbol\/futbol-internacional\/mexico-juega-parecido-a-chile-arturo-vidal\/2017\/06","title":{"rendered":"M\u00e9xico juega parecido a Chile: Arturo Vidal"},"content":{"rendered":"<p>Luego de vencer a <strong>Portugal<\/strong>, el chileno <strong>Arturo Vidal<\/strong> ya est\u00e1 pensando en el posible rival que les toque en la final de la <strong>Copa Confederaciones<\/strong>, el cual saldr\u00e1 del encuentro entre M\u00e9xico y Alemania.<\/p>\n<p style=\"text-align: center;\"><span style=\"color: #333399;\"><a style=\"color: #333399;\" href=\"https:\/\/www.futboltotal.com.mx\/2017\/06\/sara-carbonero-deslumbra-con-foto-en-bikini\/\" target=\"_blank\" rel=\"noopener noreferrer\">VER M\u00c1S: Sara Carbonero y su tremendo bikini<\/a><\/span><\/p>\n<blockquote><p>&#8220;Va a ser un partido muy duro; dos selecciones muy fuertes. <strong>M\u00e9xico<\/strong> juega muy parecido a nosotros porque presiona desde el primer minuto. Alemania tiene a jugadores muy buenos t\u00e9cnicamente&#8221;, expres\u00f3 <strong>Vidal<\/strong> para <em>Goal<\/em>, despu\u00e9s de la victoria que obtuvieron los andinos ante <strong>Portugal.<\/strong><\/p><\/blockquote>\n<p>Al ser cuestionado sobre qu\u00e9 selecci\u00f3n prefer\u00eda para disputar la final de la <strong>Copa Confederaciones<\/strong>, el chileno dej\u00f3 en claro que no tiene un favorito; &#8220;Que pase el mejor para que el domingo haya una final linda&#8221;.<\/p>\n<div class=\"hybs-slot\"><\/div>\n<div class=\"hybs-slot\" style=\"text-align: center;\"><span style=\"color: #333399;\"><a style=\"color: #333399;\" href=\"https:\/\/www.futboltotal.com.mx\/2017\/06\/franck-ribery-felicita-a-vidal-chile-vencer-a-portugal\/\" target=\"_blank\" rel=\"noopener noreferrer\">VER M\u00c1S: Rib\u00e9ry felicita a Vidal y Chile por su pase a la final en Confederaciones<\/a><\/span><\/div>\n","protected":false},"excerpt":{"rendered":"<p>El mediocampista ya est\u00e1 pensando en la final de la Copa Confederaciones luego de derrotar a Portugal<\/p>\n","protected":false},"author":20,"featured_media":435109,"comment_status":"closed","ping_status":"closed","sticky":false,"template":"","format":"standard","meta":[],"categories":[3868,3839,3847],"tags":[2962,406,1580,65,8853,409],"_links":{"self":[{"href":"http:\/\/desarrollo.grupomedios.com\/futbol\/wp-json\/wp\/v2\/posts\/485824"}],"collection":[{"href":"http:\/\/desarrollo.grupomedios.com\/futbol\/wp-json\/wp\/v2\/posts"}],"about":[{"href":"http:\/\/desarrollo.grupomedios.com\/futbol\/wp-json\/wp\/v2\/types\/post"}],"author":[{"embeddable":true,"href":"http:\/\/desarrollo.grupomedios.com\/futbol\/wp-json\/wp\/v2\/users\/20"}],"replies":[{"embeddable":true,"href":"http:\/\/desarrollo.grupomedios.com\/futbol\/wp-json\/wp\/v2\/comments?post=485824"}],"version-history":[{"count":3,"href":"http:\/\/desarrollo.grupomedios.com\/futbol\/wp-json\/wp\/v2\/posts\/485824\/revisions"}],"predecessor-version":[{"id":485829,"href":"http:\/\/desarrollo.grupomedios.com\/futbol\/wp-json\/wp\/v2\/posts\/485824\/revisions\/485829"}],"wp:featuredmedia":[{"embeddable":true,"href":"http:\/\/desarrollo.grupomedios.com\/futbol\/wp-json\/wp\/v2\/media\/435109"}],"wp:attachment":[{"href":"http:\/\/desarrollo.grupomedios.com\/futbol\/wp-json\/wp\/v2\/media?parent=485824"}],"wp:term":[{"taxonomy":"category","embeddable":true,"href":"http:\/\/desarrollo.grupomedios.com\/futbol\/wp-json\/wp\/v2\/categories?post=485824"},{"taxonomy":"post_tag","embeddable":true,"href":"http:\/\/desarrollo.grupomedios.com\/futbol\/wp-json\/wp\/v2\/tags?post=485824"}],"curies":[{"name":"wp","href":"https:\/\/api.w.org\/{rel}","templated":true}]}}