{"id":485841,"date":"2017-06-28T18:59:12","date_gmt":"2017-06-28T23:59:12","guid":{"rendered":"https:\/\/www.futboltotal.com.mx\/?p=485841"},"modified":"2017-06-28T18:59:12","modified_gmt":"2017-06-28T23:59:12","slug":"porto-acusa-al-benfica-de-usar-brujeria","status":"publish","type":"post","link":"http:\/\/desarrollo.grupomedios.com\/futbol\/futbol-internacional\/porto-acusa-al-benfica-de-usar-brujeria\/2017\/06","title":{"rendered":"Porto acusa al Benfica de usar brujer\u00eda para salir campe\u00f3n"},"content":{"rendered":"<p>Vaya pol\u00e9mica se ha desatado en el <strong>Primeira Liga<\/strong> de <strong>Portugal<\/strong>, luego de que el <a href=\"https:\/\/www.futboltotal.com.mx\/2017\/06\/espanyol-negocia-con-porto-fichaje-de-diego-reyes\/\" target=\"_blank\" rel=\"noopener noreferrer\"><span style=\"color: #333399;\"><strong>Porto<\/strong><\/span><\/a> acusara al flamante campe\u00f3n <a href=\"https:\/\/www.futboltotal.com.mx\/2017\/06\/benfica-celebra-20-anos-harry-potter-gol-raul-jimenez\/\" target=\"_blank\" rel=\"noopener noreferrer\"><span style=\"color: #333399;\"><strong>Benfica<\/strong><\/span><\/a> de usar brujer\u00eda para conseguir el t\u00edtulo de la temporada 2016-17, as\u00ed lo dijo <strong>Francisco J. Marques<\/strong>, director de comunicaci\u00f3n de los <em>Dragones.<\/em><\/p>\n<p style=\"text-align: center;\"><a href=\"https:\/\/www.futboltotal.com.mx\/2017\/06\/mundial-rusia-2018-la-motivacion-falcao\/\" target=\"_blank\" rel=\"noopener noreferrer\"><span style=\"color: #333399;\">VER M\u00c1S:\u00a0Mundial de Rusia 2018, la motivaci\u00f3n de Falcao<\/span><\/a><\/p>\n<p>\u201cLa temporada 2016-17, que comienza el 7 de agosto con la disputa de la Supercopa, puede ser una cerrada lucha por el t\u00edtulo, con el que el Benfica puede hacer historia. Esto implica la necesidad urgente de concluir un acuerdo mutuo para proporcionar servicios entre las partes\u201d, se lee en una carta enviada a la directiva <em>Gloriosa.<\/em><\/p>\n<p style=\"text-align: center;\"><a href=\"https:\/\/www.futboltotal.com.mx\/2017\/06\/mexico-juega-parecido-a-chile-arturo-vidal\/\" target=\"_blank\" rel=\"noopener noreferrer\"><span style=\"color: #333399;\">VER M\u00c1S:\u00a0M\u00e9xico juega parecido a Chile: Arturo Vidal<\/span><\/a><\/p>\n<p>La teor\u00eda se refuerza con una serie de correos que el integrante del <strong>Porto<\/strong> present\u00f3 en un programa de televisi\u00f3n, en el que fueron se\u00f1alados <strong>Lu\u00eds Filipe Vieira<\/strong>, presidente de los <em>Encarnados<\/em> y <strong>Armando Nhaga<\/strong>, comisionado de la polic\u00eda de <strong>Guinea-Bis\u00e1u<\/strong> y el hechicero en cuesti\u00f3n.<\/p>\n<p>Dichos servicios de brujer\u00eda le habr\u00edan costado al Benfica hasta 75 mil euros para alcanzar la gloria en <strong>Liga, Copa de la Liga, Copa<\/strong> y <a href=\"https:\/\/www.futboltotal.com.mx\/2017\/06\/la-champions-league-sera-transmitida-facebook\/\" target=\"_blank\" rel=\"noopener noreferrer\"><span style=\"color: #333399;\"><strong>Champions League.<\/strong><\/span><\/a><\/p>\n<p style=\"text-align: center;\"><a href=\"https:\/\/www.futboltotal.com.mx\/2017\/06\/ricardo-la-volpe-agradece-a-low-elogiar-al-tri-2005\/\" target=\"_blank\" rel=\"noopener noreferrer\"><span style=\"color: #333399;\">VER M\u00c1S:\u00a0Ricardo La Volpe agradece a L\u00f6w por elogiar al TRI de 2005<\/span><\/a><\/p>\n","protected":false},"excerpt":{"rendered":"<p>Benfica es acusado de usar brujer\u00eda en La Primeira Liga<\/p>\n","protected":false},"author":20,"featured_media":481073,"comment_status":"closed","ping_status":"closed","sticky":false,"template":"","format":"standard","meta":[],"categories":[5419,3839],"tags":[6060,36,1208,9195],"_links":{"self":[{"href":"http:\/\/desarrollo.grupomedios.com\/futbol\/wp-json\/wp\/v2\/posts\/485841"}],"collection":[{"href":"http:\/\/desarrollo.grupomedios.com\/futbol\/wp-json\/wp\/v2\/posts"}],"about":[{"href":"http:\/\/desarrollo.grupomedios.com\/futbol\/wp-json\/wp\/v2\/types\/post"}],"author":[{"embeddable":true,"href":"http:\/\/desarrollo.grupomedios.com\/futbol\/wp-json\/wp\/v2\/users\/20"}],"replies":[{"embeddable":true,"href":"http:\/\/desarrollo.grupomedios.com\/futbol\/wp-json\/wp\/v2\/comments?post=485841"}],"version-history":[{"count":1,"href":"http:\/\/desarrollo.grupomedios.com\/futbol\/wp-json\/wp\/v2\/posts\/485841\/revisions"}],"predecessor-version":[{"id":485842,"href":"http:\/\/desarrollo.grupomedios.com\/futbol\/wp-json\/wp\/v2\/posts\/485841\/revisions\/485842"}],"wp:featuredmedia":[{"embeddable":true,"href":"http:\/\/desarrollo.grupomedios.com\/futbol\/wp-json\/wp\/v2\/media\/481073"}],"wp:attachment":[{"href":"http:\/\/desarrollo.grupomedios.com\/futbol\/wp-json\/wp\/v2\/media?parent=485841"}],"wp:term":[{"taxonomy":"category","embeddable":true,"href":"http:\/\/desarrollo.grupomedios.com\/futbol\/wp-json\/wp\/v2\/categories?post=485841"},{"taxonomy":"post_tag","embeddable":true,"href":"http:\/\/desarrollo.grupomedios.com\/futbol\/wp-json\/wp\/v2\/tags?post=485841"}],"curies":[{"name":"wp","href":"https:\/\/api.w.org\/{rel}","templated":true}]}}