{"id":485848,"date":"2017-06-28T19:31:04","date_gmt":"2017-06-29T00:31:04","guid":{"rendered":"https:\/\/www.futboltotal.com.mx\/?p=485848"},"modified":"2017-06-28T19:31:04","modified_gmt":"2017-06-29T00:31:04","slug":"cristiano-ronaldo-se-perdera-duelo-tercer-lugar","status":"publish","type":"post","link":"http:\/\/desarrollo.grupomedios.com\/futbol\/futbol-internacional\/cristiano-ronaldo-se-perdera-duelo-tercer-lugar\/2017\/06","title":{"rendered":"Cristiano Ronaldo se perder\u00e1 duelo por el tercer lugar"},"content":{"rendered":"<p>El portugu\u00e9s <strong>Cristiano Ronaldo<\/strong> recibi\u00f3 hoy permiso de la Federaci\u00f3n portuguesa y del seleccionador, Fernando Santos, para iniciar sus vacaciones tras la eliminaci\u00f3n de Portugal en las semifinales de la Copa Confederaciones ante Chile.<\/p>\n<p>&#8220;He estado al servicio de la selecci\u00f3n nacional, como siempre sucede, de cuerpo y alma, incluso sabiendo que mis dos hijos hab\u00edan nacido. Ah&#8221;, dijo <strong>Cristiano<\/strong> <strong>Ronaldo<\/strong> en su cuenta de Facebook.<\/p>\n<p>El astro madridista agreg\u00f3 que ha recibido permiso para viajar a Portugal sin disputar el domingo en Mosc\u00fa el partido por el tercer y cuarto puesto.<\/p>\n<p style=\"text-align: center;\"><span style=\"color: #3366ff;\"><a style=\"color: #3366ff;\" href=\"https:\/\/en-vivo.futboltotal.com.mx\/partido\/portugal-vs-chile-copa-confederaciones-2017\/124\/\" target=\"_blank\" rel=\"noopener noreferrer\"><strong>VER M\u00c1S: AS\u00cd SE VIVI\u00d3 | Portugal 0(0)-(3)0 Chile | Confederaciones<\/strong><\/a><\/span><\/p>\n<p>&#8220;Estoy muy feliz de poder finalmente estar con mis hijos por primera vez&#8221;, se\u00f1al\u00f3 el futbolista, que se mostr\u00f3 muy agradecido a federaci\u00f3n y seleccionador.<\/p>\n<p><iframe loading=\"lazy\" style=\"border: none; overflow: hidden;\" src=\"https:\/\/www.facebook.com\/plugins\/post.php?href=https%3A%2F%2Fwww.facebook.com%2FCristiano%2Fposts%2F10155532607197164&amp;width=500\" frameborder=\"0\" scrolling=\"no\"><\/iframe><\/p>\n<p>Pese al nacimiento de sus dos hijos a principios de junio, Cristiano mantuvo sus planes de disputar la Copa Confederaciones, en la que disput\u00f3 cuatro partidos y marc\u00f3 dos goles, uno de penalti.<\/p>\n<p>Cristiano tambi\u00e9n lament\u00f3 la derrota ante Chile en la tanda de penaltis, en la que Claudio Bravo detuvo los tres lanzamientos portugueses, pero se mostr\u00f3 convencido de que las &#8220;quinas&#8221; seguir\u00e1n dando alegr\u00edas al pueblo portugu\u00e9s.<\/p>\n<p style=\"text-align: center;\"><span style=\"color: #3366ff;\"><a style=\"color: #3366ff;\" href=\"https:\/\/www.futboltotal.com.mx\/2017\/06\/carlos-vela-victima-calzon-chino\/\" target=\"_blank\" rel=\"noopener noreferrer\"><strong>VER M\u00c1S: Carlos Vela es v\u00edctima de calz\u00f3n chino<\/strong><\/a><\/span><\/p>\n<p>La pretemporada del Real Madrid arrancar\u00e1 el 10 de julio, fecha en la que los futbolistas de la primera plantilla deber\u00e1n ponerse de nuevo a las \u00f3rdenes de Zinedine Zidane.<\/p>\n<p>En principio, se espera que el portugu\u00e9s se una al equipo para la gira por Estados Unidos, que incluye a partir del 23 de julio partidos frente al Manchester United, el Barcelona y el Manchester City.<\/p>\n<p style=\"text-align: center;\"><span style=\"color: #3366ff;\"><a style=\"color: #3366ff;\" href=\"https:\/\/www.futboltotal.com.mx\/2017\/06\/mexico-juega-parecido-a-chile-arturo-vidal\/\" target=\"_blank\" rel=\"noopener noreferrer\"><strong>VER M\u00c1S: &#8220;M\u00e9xico juega parecido a Chile&#8221;, afirman<\/strong><\/a><\/span><\/p>\n","protected":false},"excerpt":{"rendered":"<p>El delantero luso abandona concentraci\u00f3n de Portugal, para ver a sus hijos reci\u00e9n nacidos.<\/p>\n","protected":false},"author":20,"featured_media":485849,"comment_status":"closed","ping_status":"closed","sticky":false,"template":"","format":"standard","meta":[],"categories":[3868,3839],"tags":[1580,6013],"_links":{"self":[{"href":"http:\/\/desarrollo.grupomedios.com\/futbol\/wp-json\/wp\/v2\/posts\/485848"}],"collection":[{"href":"http:\/\/desarrollo.grupomedios.com\/futbol\/wp-json\/wp\/v2\/posts"}],"about":[{"href":"http:\/\/desarrollo.grupomedios.com\/futbol\/wp-json\/wp\/v2\/types\/post"}],"author":[{"embeddable":true,"href":"http:\/\/desarrollo.grupomedios.com\/futbol\/wp-json\/wp\/v2\/users\/20"}],"replies":[{"embeddable":true,"href":"http:\/\/desarrollo.grupomedios.com\/futbol\/wp-json\/wp\/v2\/comments?post=485848"}],"version-history":[{"count":1,"href":"http:\/\/desarrollo.grupomedios.com\/futbol\/wp-json\/wp\/v2\/posts\/485848\/revisions"}],"predecessor-version":[{"id":485850,"href":"http:\/\/desarrollo.grupomedios.com\/futbol\/wp-json\/wp\/v2\/posts\/485848\/revisions\/485850"}],"wp:featuredmedia":[{"embeddable":true,"href":"http:\/\/desarrollo.grupomedios.com\/futbol\/wp-json\/wp\/v2\/media\/485849"}],"wp:attachment":[{"href":"http:\/\/desarrollo.grupomedios.com\/futbol\/wp-json\/wp\/v2\/media?parent=485848"}],"wp:term":[{"taxonomy":"category","embeddable":true,"href":"http:\/\/desarrollo.grupomedios.com\/futbol\/wp-json\/wp\/v2\/categories?post=485848"},{"taxonomy":"post_tag","embeddable":true,"href":"http:\/\/desarrollo.grupomedios.com\/futbol\/wp-json\/wp\/v2\/tags?post=485848"}],"curies":[{"name":"wp","href":"https:\/\/api.w.org\/{rel}","templated":true}]}}