{"id":485851,"date":"2017-06-29T11:08:47","date_gmt":"2017-06-29T16:08:47","guid":{"rendered":"https:\/\/www.futboltotal.com.mx\/?p=485851"},"modified":"2017-06-29T15:38:01","modified_gmt":"2017-06-29T20:38:01","slug":"simulacion-fifa-alemania-vs-mexico","status":"publish","type":"post","link":"http:\/\/desarrollo.grupomedios.com\/futbol\/videos\/simulacion-fifa-alemania-vs-mexico\/2017\/06","title":{"rendered":"Simulamos el Alemania vs. M\u00e9xico en FIFA 17, \u00bfqui\u00e9n gan\u00f3?"},"content":{"rendered":"<p>Este jueves 29 de junio, la <span style=\"color: #ff0000;\"><a style=\"color: #ff0000;\" href=\"http:\/\/www.futboltotal.com.mx\/futbol-mexicano\/seleccion-mexicana\/\" target=\"_blank\" rel=\"noopener noreferrer\">Selecci\u00f3n Mexicana<\/a><\/span> y su similar de <strong>Alemania<\/strong>, se miden por el segundo boleto para la Final de la Copa Confederaciones de Rusia 2017. Los dirigidos por Juan Carlos Osorio quieren imponerse, pues buscan enfrentar en la Final a Chile.<\/p>\n<p>El <strong>Alemania vs M\u00e9xico<\/strong> tendr\u00e1 las miradas de millones de espectadores, quienes quieren ver c\u00f3mo el <em>Tri<\/em> se mide ante la selecci\u00f3n B del Campe\u00f3n del Mundo, en un duelo que parece que ser\u00e1 igual de cerrado que la otra Semifinal.<\/p>\n<p style=\"text-align: center;\"><span style=\"color: #3366ff;\"><a style=\"color: #3366ff;\" href=\"https:\/\/www.futboltotal.com.mx\/2017\/06\/penal-var-sanciono-en-portugal-vs-chile\/\" target=\"_blank\" rel=\"noopener noreferrer\"><strong>VER M\u00c1S: VAR no marca penal a favor de Chile<\/strong><\/a><\/span><\/p>\n<p>Ante la expectativa que genera el encuentro, en <strong>Futbol Total<\/strong>, simulamos a trav\u00e9s del videojuego FIFA 2017, c\u00f3mo quedar\u00eda el <strong>Alemania vs M\u00e9xico<\/strong> de la Copa Confederaciones 2017.<\/p>\n<p style=\"text-align: center;\"><span style=\"color: #3366ff;\"><a style=\"color: #3366ff;\" href=\"https:\/\/www.futboltotal.com.mx\/2017\/06\/cristiano-ronaldo-se-perdera-duelo-tercer-lugar\/\" target=\"_blank\" rel=\"noopener noreferrer\"><strong>VER M\u00c1S: Cristiano Ronaldo no jugar\u00e1 el partido por el tercer lugar<\/strong><\/a><\/span><\/p>\n<p>[video_player]https:\/\/player.vimeo.com\/external\/223537359.hd.mp4?s=857fd73e83ce0bf1ed073e47f131f27a66c337fe&amp;profile_id=175[\/video_player]<\/p>\n<p style=\"text-align: center;\"><span style=\"color: #ff0000;\"><a style=\"color: #ff0000;\" href=\"https:\/\/twitter.com\/KICK\">Twitter Kick<\/a> | <a style=\"color: #ff0000;\" href=\"https:\/\/www.facebook.com\/kick\/\">Facebook Kick<\/a><\/span><\/p>\n<p style=\"text-align: center;\"><span style=\"color: #3366ff;\"><a style=\"color: #3366ff;\" href=\"https:\/\/www.futboltotal.com.mx\/2017\/06\/hackean-cuenta-twitter-jimena-sanchez\/\" target=\"_blank\" rel=\"noopener noreferrer\"><strong>VER M\u00c1S: Hackean cuenta de Twitter de Jimena S\u00e1nchez<\/strong><\/a><\/span><\/p>\n","protected":false},"excerpt":{"rendered":"<p>As\u00ed quedar\u00eda el duelo de Semifinales de Copa Confederaciones 2017.<\/p>\n","protected":false},"author":20,"featured_media":485852,"comment_status":"closed","ping_status":"closed","sticky":false,"template":"","format":"standard","meta":[],"categories":[3868,3839,2198,3847,4,6433],"tags":[6000,1580,142],"_links":{"self":[{"href":"http:\/\/desarrollo.grupomedios.com\/futbol\/wp-json\/wp\/v2\/posts\/485851"}],"collection":[{"href":"http:\/\/desarrollo.grupomedios.com\/futbol\/wp-json\/wp\/v2\/posts"}],"about":[{"href":"http:\/\/desarrollo.grupomedios.com\/futbol\/wp-json\/wp\/v2\/types\/post"}],"author":[{"embeddable":true,"href":"http:\/\/desarrollo.grupomedios.com\/futbol\/wp-json\/wp\/v2\/users\/20"}],"replies":[{"embeddable":true,"href":"http:\/\/desarrollo.grupomedios.com\/futbol\/wp-json\/wp\/v2\/comments?post=485851"}],"version-history":[{"count":3,"href":"http:\/\/desarrollo.grupomedios.com\/futbol\/wp-json\/wp\/v2\/posts\/485851\/revisions"}],"predecessor-version":[{"id":485894,"href":"http:\/\/desarrollo.grupomedios.com\/futbol\/wp-json\/wp\/v2\/posts\/485851\/revisions\/485894"}],"wp:featuredmedia":[{"embeddable":true,"href":"http:\/\/desarrollo.grupomedios.com\/futbol\/wp-json\/wp\/v2\/media\/485852"}],"wp:attachment":[{"href":"http:\/\/desarrollo.grupomedios.com\/futbol\/wp-json\/wp\/v2\/media?parent=485851"}],"wp:term":[{"taxonomy":"category","embeddable":true,"href":"http:\/\/desarrollo.grupomedios.com\/futbol\/wp-json\/wp\/v2\/categories?post=485851"},{"taxonomy":"post_tag","embeddable":true,"href":"http:\/\/desarrollo.grupomedios.com\/futbol\/wp-json\/wp\/v2\/tags?post=485851"}],"curies":[{"name":"wp","href":"https:\/\/api.w.org\/{rel}","templated":true}]}}