{"id":485854,"date":"2017-07-02T09:00:49","date_gmt":"2017-07-02T14:00:49","guid":{"rendered":"https:\/\/www.futboltotal.com.mx\/?p=485854"},"modified":"2017-07-02T09:53:40","modified_gmt":"2017-07-02T14:53:40","slug":"causa-efecto-arturo-vidal","status":"publish","type":"post","link":"http:\/\/desarrollo.grupomedios.com\/futbol\/videos\/causa-efecto-arturo-vidal\/2017\/07","title":{"rendered":"Causa y efecto de&#8230; Arturo Vidal"},"content":{"rendered":"<p>El mediocampista del Bayern Munich y de la selecci\u00f3n de Chile, <strong>Arturo Vidal<\/strong>, ha sido el motor del combinado andino durante la Copa Confederaciones de Rusia 2017; pues ha guiado al equipo hasta la Final del certamen, donde esperan al ganador del Alemania vs M\u00e9xico. El <em>Rey Arturo<\/em> ha ido escalando pelda\u00f1os durante su carrera, para convertirse en uno de los mejores centrocampistas del mundo, pero todo inici\u00f3, gracias al esfuerzo de su madre.<\/p>\n<p style=\"text-align: center;\"><span style=\"color: #3366ff;\"><a style=\"color: #3366ff;\" href=\"https:\/\/www.futboltotal.com.mx\/2017\/06\/mexico-juega-parecido-a-chile-arturo-vidal\/\" target=\"_blank\" rel=\"noopener noreferrer\"><strong>VER M\u00c1S: Vidal cree que el Tri juega igual que Chile<\/strong><\/a><\/span><\/p>\n<p>[video_player]https:\/\/player.vimeo.com\/external\/223531083.hd.mp4?s=9c9a9fa27c2881eb8e642b21bdc6f7c7569d897b&amp;profile_id=174[\/video_player]<\/p>\n<p style=\"text-align: center;\"><span style=\"color: #3366ff;\"><a style=\"color: #3366ff;\" href=\"https:\/\/www.futboltotal.com.mx\/2017\/06\/cristiano-ronaldo-se-perdera-duelo-tercer-lugar\/\" target=\"_blank\" rel=\"noopener noreferrer\"><strong>VER M\u00c1S: Cristiano Ronaldo no jugar\u00e1 el duelo por el tercer lugar<\/strong><\/a><\/span><\/p>\n<p><strong>Arturo Vidal<\/strong> ha tenido una vida de contrastes, que fue equilibrando con la ayuda del futbol. Cuando apenas era un ni\u00f1o, los padres de Arturo se separaron debido al alcoholismo que sufr\u00eda su progenitor. El padre del <em>Rey<\/em> no dio la cara por \u00e9l y sus cuatro hermanos, tras alejarse de la familia.<\/p>\n<p>Por ello su madre, Jacqueline, se hizo cargo de todos, trabajando desde temprano, en aseo de casas, tianguis, etc. Ella los educ\u00f3, sin dejarlos desatender los estudios, aunque permiti\u00f3 que Arturo diera rienda suelta a su deseo por jugar futbol. A los 13 a\u00f1os, Arturo se incorpor\u00f3 a las filas del Colo Colo. Donde comenz\u00f3 acudiendo a los entrenamientos, en bicicleta.<\/p>\n<p>Debut\u00f3 en 2005 con el equipo y en 2006, jug\u00f3 la Final de la Copa Sudamericana, ante Pachuca. Para 2007 inici\u00f3 el sue\u00f1o europeo, al ser fichado por Bayer Leverkusen, donde jug\u00f3 por cuatro a\u00f1os. Milit\u00f3 con Juventus de 2011 a 2015, para despu\u00e9s volver a la Bundesliga, con Bayern Munich.<\/p>\n<p>Ha sido campe\u00f3n en Alemania, Italia y con su selecci\u00f3n; por eso hoy es uno de los mejores mediocampistas del mundo. Pero no se olvida de su madre, quien le ayud\u00f3 a cumplir su sue\u00f1o, por eso la lleva tatuada, y la llena de obsequios.<\/p>\n<p style=\"text-align: center;\"><span style=\"color: #3366ff;\"><a style=\"color: #3366ff;\" href=\"https:\/\/www.futboltotal.com.mx\/2017\/06\/carlos-vela-victima-calzon-chino\/\" target=\"_blank\" rel=\"noopener noreferrer\"><strong>VER M\u00c1S: Aplican calz\u00f3n chino a Carlos Vela<\/strong><\/a><\/span><\/p>\n","protected":false},"excerpt":{"rendered":"<p>El Rey Arturo ha ido escalando pelda\u00f1os, para ser uno de los mejores mediocampistas.<\/p>\n","protected":false},"author":20,"featured_media":485957,"comment_status":"closed","ping_status":"closed","sticky":false,"template":"","format":"standard","meta":[],"categories":[3868,5,3839,4,6433],"tags":[8184,1580],"_links":{"self":[{"href":"http:\/\/desarrollo.grupomedios.com\/futbol\/wp-json\/wp\/v2\/posts\/485854"}],"collection":[{"href":"http:\/\/desarrollo.grupomedios.com\/futbol\/wp-json\/wp\/v2\/posts"}],"about":[{"href":"http:\/\/desarrollo.grupomedios.com\/futbol\/wp-json\/wp\/v2\/types\/post"}],"author":[{"embeddable":true,"href":"http:\/\/desarrollo.grupomedios.com\/futbol\/wp-json\/wp\/v2\/users\/20"}],"replies":[{"embeddable":true,"href":"http:\/\/desarrollo.grupomedios.com\/futbol\/wp-json\/wp\/v2\/comments?post=485854"}],"version-history":[{"count":1,"href":"http:\/\/desarrollo.grupomedios.com\/futbol\/wp-json\/wp\/v2\/posts\/485854\/revisions"}],"predecessor-version":[{"id":485857,"href":"http:\/\/desarrollo.grupomedios.com\/futbol\/wp-json\/wp\/v2\/posts\/485854\/revisions\/485857"}],"wp:featuredmedia":[{"embeddable":true,"href":"http:\/\/desarrollo.grupomedios.com\/futbol\/wp-json\/wp\/v2\/media\/485957"}],"wp:attachment":[{"href":"http:\/\/desarrollo.grupomedios.com\/futbol\/wp-json\/wp\/v2\/media?parent=485854"}],"wp:term":[{"taxonomy":"category","embeddable":true,"href":"http:\/\/desarrollo.grupomedios.com\/futbol\/wp-json\/wp\/v2\/categories?post=485854"},{"taxonomy":"post_tag","embeddable":true,"href":"http:\/\/desarrollo.grupomedios.com\/futbol\/wp-json\/wp\/v2\/tags?post=485854"}],"curies":[{"name":"wp","href":"https:\/\/api.w.org\/{rel}","templated":true}]}}