{"id":485864,"date":"2017-06-28T21:47:54","date_gmt":"2017-06-29T02:47:54","guid":{"rendered":"https:\/\/www.futboltotal.com.mx\/?p=485864"},"modified":"2017-06-28T22:04:27","modified_gmt":"2017-06-29T03:04:27","slug":"amberleigh-west-la-conejita-playboy-ama-al-veracruz","status":"publish","type":"post","link":"http:\/\/desarrollo.grupomedios.com\/futbol\/galerias\/amberleigh-west-la-conejita-playboy-ama-al-veracruz\/2017\/06","title":{"rendered":"Amberleigh West, la conejita de Playboy que ama al Veracruz"},"content":{"rendered":"<p>La modelo estadounidense, <strong>Amberleigh West<\/strong>, es una recurrente figura en las p\u00e1ginas de la revista Playboy; ella gusta de vacacionar y hasta de pasar tiempo prolongado en M\u00e9xico; por ello, le ha tomado cari\u00f1o a un equipo de la Liga MX: los <strong>Tiburones Rojos del Veracruz<\/strong>.<\/p>\n<p style=\"text-align: center;\"><span style=\"color: #3366ff;\"><a style=\"color: #3366ff;\" href=\"https:\/\/www.futboltotal.com.mx\/2017\/06\/en-vivo-online-alemania-vs-mexico-copa-confederaciones-2017\/\" target=\"_blank\" rel=\"noopener noreferrer\"><strong>VER M\u00c1S: SIGUE EN VIVO EL ALEMANIA VS M\u00c9XICO DE SEMIFINALES<\/strong><\/a><\/span><\/p>\n<div id=\"galleryHki\" style=\"display:none;\"><img alt=\"\" src=\"http:\/\/desarrollo.grupomedios.com\/futbol\/wp-content\/uploads\/2017\/06\/amber-leigh-8.jpg\" data-image=\"http:\/\/desarrollo.grupomedios.com\/futbol\/wp-content\/uploads\/2017\/06\/amber-leigh-8.jpg\" data-description=\"amber-leigh-8\"><img alt=\"\" src=\"http:\/\/desarrollo.grupomedios.com\/futbol\/wp-content\/uploads\/2017\/06\/amber-leigh-1.jpg\" data-image=\"http:\/\/desarrollo.grupomedios.com\/futbol\/wp-content\/uploads\/2017\/06\/amber-leigh-1.jpg\" data-description=\"amber-leigh-1\"><img alt=\"\" src=\"http:\/\/desarrollo.grupomedios.com\/futbol\/wp-content\/uploads\/2017\/06\/amber-leigh-2.jpg\" data-image=\"http:\/\/desarrollo.grupomedios.com\/futbol\/wp-content\/uploads\/2017\/06\/amber-leigh-2.jpg\" data-description=\"amber-leigh-2\"><img alt=\"\" src=\"http:\/\/desarrollo.grupomedios.com\/futbol\/wp-content\/uploads\/2017\/06\/amber-leigh-3.jpg\" data-image=\"http:\/\/desarrollo.grupomedios.com\/futbol\/wp-content\/uploads\/2017\/06\/amber-leigh-3.jpg\" data-description=\"amber-leigh-3\"><img alt=\"\" src=\"http:\/\/desarrollo.grupomedios.com\/futbol\/wp-content\/uploads\/2017\/06\/amber-leigh-4.jpg\" data-image=\"http:\/\/desarrollo.grupomedios.com\/futbol\/wp-content\/uploads\/2017\/06\/amber-leigh-4.jpg\" data-description=\"amber-leigh-4\"><img alt=\"\" src=\"http:\/\/desarrollo.grupomedios.com\/futbol\/wp-content\/uploads\/2017\/06\/amber-leigh-5.jpg\" data-image=\"http:\/\/desarrollo.grupomedios.com\/futbol\/wp-content\/uploads\/2017\/06\/amber-leigh-5.jpg\" data-description=\"amber-leigh-5\"><img alt=\"\" src=\"http:\/\/desarrollo.grupomedios.com\/futbol\/wp-content\/uploads\/2017\/06\/amber-leigh-7.jpg\" data-image=\"http:\/\/desarrollo.grupomedios.com\/futbol\/wp-content\/uploads\/2017\/06\/amber-leigh-7.jpg\" data-description=\"amber-leigh-7\"><img alt=\"\" src=\"http:\/\/desarrollo.grupomedios.com\/futbol\/wp-content\/uploads\/2017\/06\/amber-leigh-9.jpg\" data-image=\"http:\/\/desarrollo.grupomedios.com\/futbol\/wp-content\/uploads\/2017\/06\/amber-leigh-9.jpg\" data-description=\"amber-leigh-9\"><img alt=\"\" src=\"http:\/\/desarrollo.grupomedios.com\/futbol\/wp-content\/uploads\/2017\/06\/amber-leigh-10.jpg\" data-image=\"http:\/\/desarrollo.grupomedios.com\/futbol\/wp-content\/uploads\/2017\/06\/amber-leigh-10.jpg\" data-description=\"amber-leigh-10\"><img alt=\"\" src=\"http:\/\/desarrollo.grupomedios.com\/futbol\/wp-content\/uploads\/2017\/06\/amber-leigh-11.jpg\" data-image=\"http:\/\/desarrollo.grupomedios.com\/futbol\/wp-content\/uploads\/2017\/06\/amber-leigh-11.jpg\" data-description=\"amber-leigh-11\"><img alt=\"\" src=\"http:\/\/desarrollo.grupomedios.com\/futbol\/wp-content\/uploads\/2017\/06\/amber-leigh-12.jpg\" data-image=\"http:\/\/desarrollo.grupomedios.com\/futbol\/wp-content\/uploads\/2017\/06\/amber-leigh-12.jpg\" data-description=\"amber-leigh-12\"><img alt=\"\" src=\"http:\/\/desarrollo.grupomedios.com\/futbol\/wp-content\/uploads\/2017\/06\/amber-leigh.jpg\" data-image=\"http:\/\/desarrollo.grupomedios.com\/futbol\/wp-content\/uploads\/2017\/06\/amber-leigh.jpg\" data-description=\"amber-leigh\"><img alt=\"\" src=\"http:\/\/desarrollo.grupomedios.com\/futbol\/wp-content\/uploads\/2017\/06\/amber-leigh-6.jpg\" data-image=\"http:\/\/desarrollo.grupomedios.com\/futbol\/wp-content\/uploads\/2017\/06\/amber-leigh-6.jpg\" data-description=\"amber-leigh-6\"><\/div>\n        <script>\n        \/\/galeria 1\n        jQuery(document).ready(function(){ \n            var api;\n            api = jQuery(\"#galleryHki\").unitegallery({\n                carousel_autoplay: false\n            }); \n        });\n        <\/script>\n        \n<p style=\"text-align: center;\"><span style=\"color: #3366ff;\"><a style=\"color: #3366ff;\" href=\"https:\/\/www.futboltotal.com.mx\/2017\/06\/daniella-chavez-manda-sexy-apoyo-a-chile-en-confederaciones\/\" target=\"_blank\" rel=\"noopener noreferrer\"><strong>VER M\u00c1S: Playmate manda video sensual a la selecci\u00f3n de Chile<\/strong><\/a><\/span><\/p>\n<blockquote class=\"twitter-video\" data-lang=\"es\">\n<p dir=\"ltr\" lang=\"en\">Nostalgic mood with <a href=\"https:\/\/twitter.com\/amberleighwest\">@amberleighwest<\/a> <a href=\"https:\/\/t.co\/ZqxXNV1lJt\">pic.twitter.com\/ZqxXNV1lJt<\/a><\/p>\n<p>\u2014 gregorio (@GregorioPhoto) <a href=\"https:\/\/twitter.com\/GregorioPhoto\/status\/872291767709605889\">7 de junio de 2017<\/a><\/p><\/blockquote>\n<p><script async src=\"\/\/platform.twitter.com\/widgets.js\" charset=\"utf-8\"><\/script><\/p>\n<blockquote class=\"instagram-media\" style=\"background: #FFF; border: 0; border-radius: 3px; box-shadow: 0 0 1px 0 rgba(0,0,0,0.5),0 1px 10px 0 rgba(0,0,0,0.15); margin: 1px; max-width: 658px; padding: 0; width: calc(100% - 2px);\" data-instgrm-captioned=\"\" data-instgrm-version=\"7\">\n<div style=\"padding: 8px;\">\n<div style=\"background: #F8F8F8; line-height: 0; margin-top: 40px; padding: 62.5% 0; text-align: center; width: 100%;\"><\/div>\n<p style=\"margin: 8px 0 0 0; padding: 0 4px;\"><a style=\"color: #000; font-family: Arial,sans-serif; font-size: 14px; font-style: normal; font-weight: normal; line-height: 17px; text-decoration: none; word-wrap: break-word;\" href=\"https:\/\/www.instagram.com\/p\/BVXCWtiDxT6\/\" target=\"_blank\" rel=\"noopener noreferrer\">&#x1f4f7; @tomjauncey<\/a><\/p>\n<p style=\"color: #c9c8cd; font-family: Arial,sans-serif; font-size: 14px; line-height: 17px; margin-bottom: 0; margin-top: 8px; overflow: hidden; padding: 8px 0 7px; text-align: center; text-overflow: ellipsis; white-space: nowrap;\">Una publicaci\u00f3n compartida de Amberleigh (@amberleighwest) el <time style=\"font-family: Arial,sans-serif; font-size: 14px; line-height: 17px;\" datetime=\"2017-06-15T12:18:38+00:00\">15 de Jun de 2017 a la(s) 5:18 PDT<\/time><\/p>\n<\/div>\n<\/blockquote>\n<p><script async defer src=\"\/\/platform.instagram.com\/en_US\/embeds.js\"><\/script><\/p>\n<p style=\"text-align: center;\"><span style=\"color: #3366ff;\"><a style=\"color: #3366ff;\" href=\"https:\/\/www.futboltotal.com.mx\/2017\/06\/sara-carbonero-deslumbra-con-foto-en-bikini\/\" target=\"_blank\" rel=\"noopener noreferrer\"><strong>VER M\u00c1S: Sara Carbonero enciende redes con foto en bikini<\/strong><\/a><\/span><\/p>\n","protected":false},"excerpt":{"rendered":"<p>A la modelo estadounidense le encanta vacacionar en M\u00e9xico.<\/p>\n","protected":false},"author":20,"featured_media":485871,"comment_status":"closed","ping_status":"closed","sticky":false,"template":"","format":"standard","meta":[],"categories":[6408,5422,3],"tags":[2033,6049],"_links":{"self":[{"href":"http:\/\/desarrollo.grupomedios.com\/futbol\/wp-json\/wp\/v2\/posts\/485864"}],"collection":[{"href":"http:\/\/desarrollo.grupomedios.com\/futbol\/wp-json\/wp\/v2\/posts"}],"about":[{"href":"http:\/\/desarrollo.grupomedios.com\/futbol\/wp-json\/wp\/v2\/types\/post"}],"author":[{"embeddable":true,"href":"http:\/\/desarrollo.grupomedios.com\/futbol\/wp-json\/wp\/v2\/users\/20"}],"replies":[{"embeddable":true,"href":"http:\/\/desarrollo.grupomedios.com\/futbol\/wp-json\/wp\/v2\/comments?post=485864"}],"version-history":[{"count":3,"href":"http:\/\/desarrollo.grupomedios.com\/futbol\/wp-json\/wp\/v2\/posts\/485864\/revisions"}],"predecessor-version":[{"id":485880,"href":"http:\/\/desarrollo.grupomedios.com\/futbol\/wp-json\/wp\/v2\/posts\/485864\/revisions\/485880"}],"wp:featuredmedia":[{"embeddable":true,"href":"http:\/\/desarrollo.grupomedios.com\/futbol\/wp-json\/wp\/v2\/media\/485871"}],"wp:attachment":[{"href":"http:\/\/desarrollo.grupomedios.com\/futbol\/wp-json\/wp\/v2\/media?parent=485864"}],"wp:term":[{"taxonomy":"category","embeddable":true,"href":"http:\/\/desarrollo.grupomedios.com\/futbol\/wp-json\/wp\/v2\/categories?post=485864"},{"taxonomy":"post_tag","embeddable":true,"href":"http:\/\/desarrollo.grupomedios.com\/futbol\/wp-json\/wp\/v2\/tags?post=485864"}],"curies":[{"name":"wp","href":"https:\/\/api.w.org\/{rel}","templated":true}]}}