{"id":485896,"date":"2017-06-29T10:00:39","date_gmt":"2017-06-29T15:00:39","guid":{"rendered":"https:\/\/www.futboltotal.com.mx\/?p=485896"},"modified":"2017-06-29T10:00:39","modified_gmt":"2017-06-29T15:00:39","slug":"adidas-y-futbol-total-te-regalan-el-jersey-oficial-del-tri","status":"publish","type":"post","link":"http:\/\/desarrollo.grupomedios.com\/futbol\/promociones\/adidas-y-futbol-total-te-regalan-el-jersey-oficial-del-tri\/2017\/06","title":{"rendered":"\u00a1adidas y Futbol Total te regalan el jersey oficial del Tri!"},"content":{"rendered":"<p>\u00bfQuieres apoyar a la <strong>Selecci\u00f3n Mexicana<\/strong> en sus camino al t\u00edtulo de la\u00a0<strong>Copa Confederaciones<\/strong> como un verdadero fan\u00e1tico tricolor?\u00a0Es muy f\u00e1cil,\u00a0<strong>adidas\u00a0<\/strong>y\u00a0<strong>Futbol Total<\/strong>\u00a0te regalan el\u00a0<strong>jersey<\/strong>\u00a0oficial del <strong>Tri<\/strong>.\u00a0S\u00f3lo debes seguir estos sencillos pasos:<\/p>\n<p>\u2013 Debes seguir<em>\u00a0<\/em>en\u00a0<strong>Twitter<\/strong>\u00a0a\u00a0<span style=\"color: #333399;\"><a style=\"color: #333399;\" href=\"https:\/\/twitter.com\/MXFutbolTotal\">@MXfutboltotal<\/a><\/span>\u00a0\u00a0y en\u00a0<strong>Facebook<\/strong>\u00a0a\u00a0<span style=\"color: #333399;\"><a style=\"color: #333399;\" href=\"https:\/\/www.facebook.com\/futboltotalmexico\">Futbol Total<\/a><\/span>\u00a0(y tomar screenshots de cada uno para comprobarlo).<\/p>\n<p>\u2013 Despu\u00e9s, comparte\u00a0la publicaci\u00f3n en Twitter y Facebook (y toma screenshots de cada uno de los compartidos para comprobarlo).<\/p>\n<p>\u2013 Danos\u00a0tu pron\u00f3stico de\u00a0la\u00a0<a href=\"https:\/\/www.futboltotal.com.mx\/2017\/06\/en-vivo-online-alemania-vs-mexico-copa-confederaciones-2017\/\" target=\"_blank\" rel=\"noopener noreferrer\"><span style=\"color: #333399;\">segunda\u00a0semifinal de la\u00a0<strong>Copa<\/strong>\u00a0<strong>Confederaciones<\/strong>\u00a0entre\u00a0<strong>M\u00e9xico y Alemania<\/strong><\/span><\/a>, que se disputa este jueves 29\u00a0de junio\u00a0(marcador del partido en tiempo regular).<\/p>\n<p>\u2013 Manda tu\u00a0pron\u00f3stico y tus screenshots al correo\u00a0<strong>futboltotal@futboltotal.com.mx<\/strong> con asunto \u201c<strong>JERSEY M\u00c9XICO-ADIDAS<\/strong>\u201d. El mensaje deber\u00e1 tener el\u00a0nombre completo del participante y cumplir con todos los requisitos.<\/p>\n<p>\u2013 El\u00a0pron\u00f3stico acertado que cumpla con todos los requisitos ser\u00e1\u00a0el ganador de<strong>\u00a01 jersey oficial de la Selecci\u00f3n Mexicana<\/strong>.<\/p>\n<p>\u2013 S\u00f3lo se tomar\u00e1n en cuenta correos\u00a0recibidos hasta antes del jueves 29\u00a0de junio\u00a0a las 13:00 horas.<\/p>\n<p>El\u00a0<strong>equipo de Futbol Total<\/strong>\u00a0se comunicar\u00e1 con el ganador, quien deber\u00e1 recoger su premio\u00a0en las oficinas de Futbol Total, ubicadas en la Ciudad de M\u00e9xico. La entrega del premio ser\u00e1 el d\u00eda viernes 30 de junio,\u00a0en horario de 10:00 a 17:00 horas. Indispensable presentar original y copia de identificaci\u00f3n oficial.<\/p>\n<p>\u00a1Mucha suerte\u00a0<em>cracks<\/em>!<\/p>\n","protected":false},"excerpt":{"rendered":"<p>adidas y Futbol Total te regalan la actual playera de la Selecci\u00f3n Mexicana.<\/p>\n","protected":false},"author":20,"featured_media":485904,"comment_status":"closed","ping_status":"closed","sticky":false,"template":"","format":"standard","meta":[],"categories":[60,3847],"tags":[1560,1580,65,409],"_links":{"self":[{"href":"http:\/\/desarrollo.grupomedios.com\/futbol\/wp-json\/wp\/v2\/posts\/485896"}],"collection":[{"href":"http:\/\/desarrollo.grupomedios.com\/futbol\/wp-json\/wp\/v2\/posts"}],"about":[{"href":"http:\/\/desarrollo.grupomedios.com\/futbol\/wp-json\/wp\/v2\/types\/post"}],"author":[{"embeddable":true,"href":"http:\/\/desarrollo.grupomedios.com\/futbol\/wp-json\/wp\/v2\/users\/20"}],"replies":[{"embeddable":true,"href":"http:\/\/desarrollo.grupomedios.com\/futbol\/wp-json\/wp\/v2\/comments?post=485896"}],"version-history":[{"count":2,"href":"http:\/\/desarrollo.grupomedios.com\/futbol\/wp-json\/wp\/v2\/posts\/485896\/revisions"}],"predecessor-version":[{"id":485898,"href":"http:\/\/desarrollo.grupomedios.com\/futbol\/wp-json\/wp\/v2\/posts\/485896\/revisions\/485898"}],"wp:featuredmedia":[{"embeddable":true,"href":"http:\/\/desarrollo.grupomedios.com\/futbol\/wp-json\/wp\/v2\/media\/485904"}],"wp:attachment":[{"href":"http:\/\/desarrollo.grupomedios.com\/futbol\/wp-json\/wp\/v2\/media?parent=485896"}],"wp:term":[{"taxonomy":"category","embeddable":true,"href":"http:\/\/desarrollo.grupomedios.com\/futbol\/wp-json\/wp\/v2\/categories?post=485896"},{"taxonomy":"post_tag","embeddable":true,"href":"http:\/\/desarrollo.grupomedios.com\/futbol\/wp-json\/wp\/v2\/tags?post=485896"}],"curies":[{"name":"wp","href":"https:\/\/api.w.org\/{rel}","templated":true}]}}