{"id":485909,"date":"2017-06-29T10:47:13","date_gmt":"2017-06-29T15:47:13","guid":{"rendered":"https:\/\/www.futboltotal.com.mx\/?p=485909"},"modified":"2017-06-29T10:47:13","modified_gmt":"2017-06-29T15:47:13","slug":"cristiano-confirma-dejara-la-confederaciones-estar-sus-hijos","status":"publish","type":"post","link":"http:\/\/desarrollo.grupomedios.com\/futbol\/futbol-internacional\/cristiano-confirma-dejara-la-confederaciones-estar-sus-hijos\/2017\/06","title":{"rendered":"CR7 confirma que deja a Portugal por estar con sus hijos"},"content":{"rendered":"<p>El portugu\u00e9s <strong>Cristiano Ronaldo<\/strong> confirm\u00f3 en las redes oficiales que abandona la Copa Confederaciones, tras perder en semifinales ante Chile, para conocer a los gemelos de los que ha sido padre y asegur\u00f3 que se siente &#8220;muy feliz de poder estar finalmente&#8221; con sus hijos &#8220;por primera vez&#8221;.<\/p>\n<p>Siete a\u00f1os despu\u00e9s del nacimiento de Cristiano j\u00fanior, el delantero del Real Madrid ha anunciado en un comunicado difundido en Facebook, el nacimiento de dos nuevos hijos.<\/p>\n<p style=\"text-align: center;\"><span style=\"color: #3366ff;\"><a style=\"color: #3366ff;\" href=\"https:\/\/www.futboltotal.com.mx\/2017\/06\/periodista-mexicana-casi-hace-que-joachim-low-pierda-el-brazo\/\">VER M\u00c1S: Periodista mexicana casi hace que Joachim L\u00f6w pierda el brazo<\/a><\/span><\/p>\n<p>&#8220;He estado al servicio de la selecci\u00f3n nacional, como siempre sucede, en cuerpo y alma, incluso sabiendo que mis dos hijos hab\u00edan nacido. Lamentablemente, no hemos logrado alcanzar el principal objetivo deportivo que quer\u00edamos, pero estoy seguro de que seguiremos dando alegr\u00edas a los portugueses&#8221;, escribi\u00f3.<\/p>\n<p>&#8220;El presidente de la Federaci\u00f3n Portuguesa de f\u00fatbol y el seleccionador nacional han tenido hoy una actitud que me sensibiliz\u00f3 y que no olvidar\u00e9&#8221;, a\u00f1adi\u00f3 agradeciendo quedar liberado de la final de consolaci\u00f3n de la Confederaciones.<\/p>\n<p><strong>Cristiano Ronaldo<\/strong> termina su escrito mostrando la alegr\u00eda por conocer a sus dos hijos. &#8220;Estoy muy feliz de poder finalmente estar con mis hijos por primera vez&#8221;, sentenci\u00f3 sin desvelar si los nombres de sus hijos son Eva y Mateo, seg\u00fan circula en las redes sociales. EFE<\/p>\n<p style=\"text-align: center;\"><span style=\"color: #3366ff;\"><a style=\"color: #3366ff;\" href=\"https:\/\/www.futboltotal.com.mx\/2017\/06\/simulacion-fifa-alemania-vs-mexico\/\">VER M\u00c1S: Simulamos el Alemania vs. M\u00e9xico en FIFA 17, \u00bfqui\u00e9n gan\u00f3?<\/a><\/span><\/p>\n<div class=\"fb-post\" data-href=\"https:\/\/www.facebook.com\/Cristiano\/posts\/10155532607197164\" data-data-show-text=\"true\">\n<blockquote class=\"fb-xfbml-parse-ignore\" cite=\"https:\/\/www.facebook.com\/Cristiano\/posts\/10155532607197164\"><p>Estive ao servi\u00e7o da Sele\u00e7\u00e3o Nacional, como sempre acontece, de corpo e alma, mesmo sabendo que os meus dois filhos&#8230;<\/p>\n<p>Posted by <a href=\"https:\/\/www.facebook.com\/Cristiano\/\">Cristiano Ronaldo<\/a> on\u00a0<a href=\"https:\/\/www.facebook.com\/Cristiano\/posts\/10155532607197164\">mi\u00e9rcoles, 28 de junio de 2017<\/a><\/p><\/blockquote>\n<\/div>\n","protected":false},"excerpt":{"rendered":"<p>Cristiano ver\u00e1 a sus gemelos por primera vez.<\/p>\n","protected":false},"author":144,"featured_media":483900,"comment_status":"closed","ping_status":"closed","sticky":false,"template":"","format":"standard","meta":[],"categories":[5419,3839],"tags":[1496],"_links":{"self":[{"href":"http:\/\/desarrollo.grupomedios.com\/futbol\/wp-json\/wp\/v2\/posts\/485909"}],"collection":[{"href":"http:\/\/desarrollo.grupomedios.com\/futbol\/wp-json\/wp\/v2\/posts"}],"about":[{"href":"http:\/\/desarrollo.grupomedios.com\/futbol\/wp-json\/wp\/v2\/types\/post"}],"author":[{"embeddable":true,"href":"http:\/\/desarrollo.grupomedios.com\/futbol\/wp-json\/wp\/v2\/users\/144"}],"replies":[{"embeddable":true,"href":"http:\/\/desarrollo.grupomedios.com\/futbol\/wp-json\/wp\/v2\/comments?post=485909"}],"version-history":[{"count":1,"href":"http:\/\/desarrollo.grupomedios.com\/futbol\/wp-json\/wp\/v2\/posts\/485909\/revisions"}],"predecessor-version":[{"id":485911,"href":"http:\/\/desarrollo.grupomedios.com\/futbol\/wp-json\/wp\/v2\/posts\/485909\/revisions\/485911"}],"wp:featuredmedia":[{"embeddable":true,"href":"http:\/\/desarrollo.grupomedios.com\/futbol\/wp-json\/wp\/v2\/media\/483900"}],"wp:attachment":[{"href":"http:\/\/desarrollo.grupomedios.com\/futbol\/wp-json\/wp\/v2\/media?parent=485909"}],"wp:term":[{"taxonomy":"category","embeddable":true,"href":"http:\/\/desarrollo.grupomedios.com\/futbol\/wp-json\/wp\/v2\/categories?post=485909"},{"taxonomy":"post_tag","embeddable":true,"href":"http:\/\/desarrollo.grupomedios.com\/futbol\/wp-json\/wp\/v2\/tags?post=485909"}],"curies":[{"name":"wp","href":"https:\/\/api.w.org\/{rel}","templated":true}]}}