{"id":485920,"date":"2017-06-29T11:07:37","date_gmt":"2017-06-29T16:07:37","guid":{"rendered":"https:\/\/www.futboltotal.com.mx\/?p=485920"},"modified":"2017-06-29T11:36:47","modified_gmt":"2017-06-29T16:36:47","slug":"america-insiste-fichar-a-mateus-uribe-aumenta-oferta","status":"publish","type":"post","link":"http:\/\/desarrollo.grupomedios.com\/futbol\/destacado-home\/america-insiste-fichar-a-mateus-uribe-aumenta-oferta\/2017\/06","title":{"rendered":"Am\u00e9rica insiste para fichar a Mateus Uribe y aumenta su oferta"},"content":{"rendered":"<p>El <strong>Am\u00e9rica<\/strong> est\u00e1 convencido de que necesita fichar m\u00e1s refuerzos para poder encarar el torneo Apertura 2017 y ha acelerado para poder contratar al volante colombiano <strong>Mateus Uribe<\/strong>, quien actualmente est\u00e1 en el <strong>Atl\u00e9tico Nacional<\/strong>.<\/p>\n<p>Las <em><strong>\u00c1guilas<\/strong><\/em> ya hab\u00edan presentado un oferta al equipo cafetero para fichar a <strong>Uribe<\/strong>, de <strong>4 millones de d\u00f3lares<\/strong> m\u00e1s el atacante <strong>Carlos Darwin Quintero<\/strong>, aunque el equipo <em>Verdolaga<\/em> parece tener valuado a su jugador en<strong> 7 millones<\/strong>.<\/p>\n<p>Por ello, las <strong>\u00c1guilas<\/strong> no han tardado en presionar, aumentando su oferta a <strong>6 millones de d\u00f3lares<\/strong> y adem\u00e1s mantener a <strong>Quintero<\/strong> dentro de la operaci\u00f3n, de acuerdo a informes del diario R\u00e9cord.<\/p>\n<p style=\"text-align: center;\"><a href=\"https:\/\/www.futboltotal.com.mx\/2017\/06\/simulacion-fifa-alemania-vs-mexico\/\" target=\"_blank\" rel=\"noopener noreferrer\"><span style=\"color: #333399;\">VER M\u00c1S: Simulamos el Alemania vs. M\u00e9xico en FIFA 17, \u00bfqui\u00e9n gan\u00f3?<\/span><\/a><\/p>\n<p>Sin embargo, el <strong>Am\u00e9rica<\/strong> no es el \u00fanico club interesado por <strong>Mateus<\/strong>, por lo que ser\u00e1 el Atl\u00e9tico Nacional el encargado de elegir el nuevo destino del mediocampista.<\/p>\n<p>Incluso, otro club mexicano hizo una oferta por el colombiano. Se trata de <strong>Tigres<\/strong>, que pusieron sobre la mesa <strong>5 millones de d\u00f3lares<\/strong>, lo que caus\u00f3 que las <strong><em>\u00c1guilas<\/em><\/strong> aumentaran su propuesta ya que el t\u00e9cnico <strong>Miguel Herrera<\/strong> quiere a <strong>Mateus<\/strong> s\u00ed o s\u00ed en su plantilla.<\/p>\n<p>Adem\u00e1s, otro tema que tendr\u00eda que resolver el <strong>Am\u00e9rica<\/strong> en caso de lograr el fichaje de <strong>Mateus<\/strong> es el salario del jugador, quien buscar\u00eda percibir una cifra elevada, similar al caso de <strong>Darwin<\/strong>, uno de los futbolistas mejor pagados en el actual plantel azulcrema.<\/p>\n<p style=\"text-align: center;\"><a href=\"https:\/\/www.futboltotal.com.mx\/2017\/06\/cristiano-confirma-dejara-la-confederaciones-estar-sus-hijos\/\" target=\"_blank\" rel=\"noopener noreferrer\"><span style=\"color: #333399;\">VER M\u00c1S: Cristiano confirm\u00f3 que dej\u00f3 a Portugal para conocer a sus nuevos hijos<\/span><\/a><\/p>\n","protected":false},"excerpt":{"rendered":"<p>Las \u00c1guilas ya hab\u00edan presentado un oferta para fichar a Uribe.<\/p>\n","protected":false},"author":20,"featured_media":485922,"comment_status":"closed","ping_status":"closed","sticky":false,"template":"","format":"standard","meta":[],"categories":[5,7740,2198,3845],"tags":[5959,2075,2647,9184],"_links":{"self":[{"href":"http:\/\/desarrollo.grupomedios.com\/futbol\/wp-json\/wp\/v2\/posts\/485920"}],"collection":[{"href":"http:\/\/desarrollo.grupomedios.com\/futbol\/wp-json\/wp\/v2\/posts"}],"about":[{"href":"http:\/\/desarrollo.grupomedios.com\/futbol\/wp-json\/wp\/v2\/types\/post"}],"author":[{"embeddable":true,"href":"http:\/\/desarrollo.grupomedios.com\/futbol\/wp-json\/wp\/v2\/users\/20"}],"replies":[{"embeddable":true,"href":"http:\/\/desarrollo.grupomedios.com\/futbol\/wp-json\/wp\/v2\/comments?post=485920"}],"version-history":[{"count":1,"href":"http:\/\/desarrollo.grupomedios.com\/futbol\/wp-json\/wp\/v2\/posts\/485920\/revisions"}],"predecessor-version":[{"id":485929,"href":"http:\/\/desarrollo.grupomedios.com\/futbol\/wp-json\/wp\/v2\/posts\/485920\/revisions\/485929"}],"wp:featuredmedia":[{"embeddable":true,"href":"http:\/\/desarrollo.grupomedios.com\/futbol\/wp-json\/wp\/v2\/media\/485922"}],"wp:attachment":[{"href":"http:\/\/desarrollo.grupomedios.com\/futbol\/wp-json\/wp\/v2\/media?parent=485920"}],"wp:term":[{"taxonomy":"category","embeddable":true,"href":"http:\/\/desarrollo.grupomedios.com\/futbol\/wp-json\/wp\/v2\/categories?post=485920"},{"taxonomy":"post_tag","embeddable":true,"href":"http:\/\/desarrollo.grupomedios.com\/futbol\/wp-json\/wp\/v2\/tags?post=485920"}],"curies":[{"name":"wp","href":"https:\/\/api.w.org\/{rel}","templated":true}]}}