{"id":485938,"date":"2017-06-29T12:20:50","date_gmt":"2017-06-29T17:20:50","guid":{"rendered":"https:\/\/www.futboltotal.com.mx\/?p=485938"},"modified":"2017-06-29T12:21:59","modified_gmt":"2017-06-29T17:21:59","slug":"cristiano-ronaldo-presume-foto-sus-gemelos","status":"publish","type":"post","link":"http:\/\/desarrollo.grupomedios.com\/futbol\/cambio-de-juego\/cristiano-ronaldo-presume-foto-sus-gemelos\/2017\/06","title":{"rendered":"Cristiano Ronaldo presume foto con sus gemelos"},"content":{"rendered":"<p>El delantero <strong>Cristiano Ronaldo<\/strong>, que se ausent\u00f3 de la concentraci\u00f3n de la selecci\u00f3n de<strong> Portugal<\/strong> para conocer a los <strong>gemelos<\/strong> de los que ha sido padre , comparti\u00f3 una fotograf\u00eda al respecto a trav\u00e9s de sus redes sociales.<\/p>\n<p style=\"text-align: center;\"><span style=\"color: #333399;\"><a style=\"color: #333399;\" href=\"https:\/\/www.futboltotal.com.mx\/2017\/06\/se-cumplen-3-anos-del-era-penal\/\" target=\"_blank\" rel=\"noopener noreferrer\">VER M\u00c1S: Se cumplen tres a\u00f1os del &#8216;no era penal&#8217;<\/a><\/span><\/p>\n<p><strong>\u201cEstoy muy feliz de poder finalmente estar con mis hijos por primera vez&#8221;<\/strong>, escribi\u00f3 esta ma\u00f1ana a trav\u00e9s de su Facebook. Posteriormente, comparti\u00f3 una imagen en la que aparece cargando a los dos beb\u00e9s.<\/p>\n<blockquote><p>&#8220;Tan feliz de poder sostener los dos nuevos amores de mi vida&#8221;, escribi\u00f3 el portugu\u00e9s a trav\u00e9s de su cuenta de Twitter.<\/p><\/blockquote>\n<p style=\"text-align: center;\"><span style=\"color: #333399;\"><a style=\"color: #333399;\" href=\"https:\/\/www.futboltotal.com.mx\/2017\/06\/amberleigh-west-la-conejita-playboy-ama-al-veracruz\/\" target=\"_blank\" rel=\"noopener noreferrer\">VER M\u00c1S: La conejita de Playboy\u00a0que est\u00e1 enamorada del Veracruz<\/a><\/span><\/p>\n<p>https:\/\/twitter.com\/Cristiano\/status\/880473340619759616<\/p>\n","protected":false},"excerpt":{"rendered":"<p>El delantero portugu\u00e9s se convirti\u00f3 en padre de dos gemelos y tuvo que dejar la concentraci\u00f3n de su selecci\u00f3n para poder conocerlos<\/p>\n","protected":false},"author":20,"featured_media":483900,"comment_status":"closed","ping_status":"closed","sticky":false,"template":"","format":"standard","meta":[],"categories":[5419],"tags":[1580,6013,9197,715],"_links":{"self":[{"href":"http:\/\/desarrollo.grupomedios.com\/futbol\/wp-json\/wp\/v2\/posts\/485938"}],"collection":[{"href":"http:\/\/desarrollo.grupomedios.com\/futbol\/wp-json\/wp\/v2\/posts"}],"about":[{"href":"http:\/\/desarrollo.grupomedios.com\/futbol\/wp-json\/wp\/v2\/types\/post"}],"author":[{"embeddable":true,"href":"http:\/\/desarrollo.grupomedios.com\/futbol\/wp-json\/wp\/v2\/users\/20"}],"replies":[{"embeddable":true,"href":"http:\/\/desarrollo.grupomedios.com\/futbol\/wp-json\/wp\/v2\/comments?post=485938"}],"version-history":[{"count":1,"href":"http:\/\/desarrollo.grupomedios.com\/futbol\/wp-json\/wp\/v2\/posts\/485938\/revisions"}],"predecessor-version":[{"id":485939,"href":"http:\/\/desarrollo.grupomedios.com\/futbol\/wp-json\/wp\/v2\/posts\/485938\/revisions\/485939"}],"wp:featuredmedia":[{"embeddable":true,"href":"http:\/\/desarrollo.grupomedios.com\/futbol\/wp-json\/wp\/v2\/media\/483900"}],"wp:attachment":[{"href":"http:\/\/desarrollo.grupomedios.com\/futbol\/wp-json\/wp\/v2\/media?parent=485938"}],"wp:term":[{"taxonomy":"category","embeddable":true,"href":"http:\/\/desarrollo.grupomedios.com\/futbol\/wp-json\/wp\/v2\/categories?post=485938"},{"taxonomy":"post_tag","embeddable":true,"href":"http:\/\/desarrollo.grupomedios.com\/futbol\/wp-json\/wp\/v2\/tags?post=485938"}],"curies":[{"name":"wp","href":"https:\/\/api.w.org\/{rel}","templated":true}]}}