{"id":485943,"date":"2017-06-29T15:31:31","date_gmt":"2017-06-29T20:31:31","guid":{"rendered":"https:\/\/www.futboltotal.com.mx\/?p=485943"},"modified":"2017-06-29T16:10:37","modified_gmt":"2017-06-29T21:10:37","slug":"mexico-cae-ante-alemania-en-sochi","status":"publish","type":"post","link":"http:\/\/desarrollo.grupomedios.com\/futbol\/destacado-home\/mexico-cae-ante-alemania-en-sochi\/2017\/06","title":{"rendered":"Alemania humilla al Tri en Confederaciones y lo devuelve a su realidad"},"content":{"rendered":"<p><strong><span style=\"color: #333399;\">La\u00a0<a href=\"https:\/\/www.futboltotal.com.mx\/2017\/06\/simulacion-fifa-alemania-vs-mexico\/\" target=\"_blank\" rel=\"noopener noreferrer\">Selecci\u00f3n Mexicana<\/a><\/span><\/strong>\u00a0fue goleada por\u00a0<strong>Alemania<\/strong>\u00a0en el segundo partido de Semifinales de la <a href=\"https:\/\/www.futboltotal.com.mx\/2017\/06\/chile-vence-portugal-esta-final-copa-confederaciones\/\" target=\"_blank\" rel=\"noopener noreferrer\"><span style=\"color: #333399;\"><strong>Copa Confederaciones de Rusia 2017<\/strong><\/span><\/a>, en el <strong>Olimpiyskiy Stadion Fisht<\/strong>, en el que combinado de <a href=\"https:\/\/www.futboltotal.com.mx\/2017\/06\/juan-carlos-osorio-subestima-la-juventud-alemania\/\" target=\"_blank\" rel=\"noopener noreferrer\"><span style=\"color: #333399;\"><strong>Juan Carlos Osorio<\/strong><\/span><\/a> termin\u00f3 sucumbiendo ante los teutones gracias a dos genialidades.<\/p>\n<p style=\"text-align: center;\"><a href=\"https:\/\/www.futboltotal.com.mx\/2017\/06\/mats-hummels-le-manda-mensaje-a-oswaldo-alanis-alemania-vs-mexico\/\" target=\"_blank\" rel=\"noopener noreferrer\"><span style=\"color: #333399;\">VER M\u00c1S:\u00a0Mats Hummels le manda mensaje a Oswaldo Alan\u00eds por el Alemania vs M\u00e9xico<\/span><\/a><\/p>\n<p>En el primer tiempo la <strong>Mannschaft<\/strong>\u00a0sali\u00f3 enchufado durante los primeros minutos, as\u00ed lo reflej\u00f3 en el marcador al minuto 5 con un remate de media distancia de <strong>Leon Goretzka<\/strong> que dej\u00f3 sin oportunidad a <strong>Ochoa<\/strong>. El <em>Tricolor<\/em>\u00a0apenas se estaba acomodando en el campo cuando de repente <strong>Goretzka<\/strong> volvi\u00f3 a aparecer al minuto 7 para poner el 2-0. La <strong><a href=\"https:\/\/www.futboltotal.com.mx\/2017\/06\/mexico-vende-a-ghana-con-dificultad\/\" target=\"_blank\" rel=\"noopener noreferrer\"><span style=\"color: #333399;\">Selecci\u00f3n Mexicana<\/span><\/a><\/strong> supo recomponer el asunto, sin embrago no pudo hacerse presente en el marcador, <strong>Chicharito, Gio<\/strong> y <strong>Jonah<\/strong> perdonaron y no fueron capaces de batir a <strong>Ter Stegen.<\/strong><\/p>\n<p style=\"text-align: center;\"><a href=\"https:\/\/www.futboltotal.com.mx\/2017\/06\/keylor-navas-acudira-a-copa-oro\/\" target=\"_blank\" rel=\"noopener noreferrer\"><span style=\"color: #333399;\">VER M\u00c1S:\u00a0Keylor Navas no acudir\u00e1 a Copa Oro<\/span><\/a><\/p>\n<p>&nbsp;<\/p>\n<blockquote class=\"twitter-tweet\" data-lang=\"es\">\n<p dir=\"ltr\" lang=\"es\"><a href=\"https:\/\/twitter.com\/hashtag\/VeranoVerde?src=hash\">#VeranoVerde<\/a> \u00a1Goretzka desde fuera del \u00e1rea la puso pegada al poste!<\/p>\n<p>EN VIVO en TDcom <a href=\"https:\/\/t.co\/HZPbe7hzBw\">https:\/\/t.co\/HZPbe7hzBw<\/a> <a href=\"https:\/\/t.co\/27wXWKiW7Y\">pic.twitter.com\/27wXWKiW7Y<\/a><\/p>\n<p>\u2014 Televisa Deportes (@TD_Deportes) <a href=\"https:\/\/twitter.com\/TD_Deportes\/status\/880488181497421825\">29 de junio de 2017<\/a><\/p><\/blockquote>\n<p><script async src=\"\/\/platform.twitter.com\/widgets.js\" charset=\"utf-8\"><\/script><\/p>\n<p>&nbsp;<\/p>\n<blockquote class=\"twitter-tweet\" data-lang=\"es\">\n<p dir=\"ltr\" lang=\"es\"><a href=\"https:\/\/twitter.com\/hashtag\/VeranoVerde?src=hash\">#VeranoVerde<\/a> \u00a1Pase filtrado para Goretzka que firma su segundo gol!<\/p>\n<p>EN VIVO en TDcom <a href=\"https:\/\/t.co\/HZPbe7hzBw\">https:\/\/t.co\/HZPbe7hzBw<\/a> <a href=\"https:\/\/t.co\/hAd0H8O8Ba\">pic.twitter.com\/hAd0H8O8Ba<\/a><\/p>\n<p>\u2014 Televisa Deportes (@TD_Deportes) <a href=\"https:\/\/twitter.com\/TD_Deportes\/status\/880488640312299520\">29 de junio de 2017<\/a><\/p><\/blockquote>\n<p><script async src=\"\/\/platform.twitter.com\/widgets.js\" charset=\"utf-8\"><\/script><\/p>\n<p>En la segunda parte, el <em>Tri<\/em> entr\u00f3 desconcertado y los alemanes no perdonaron, <strong>Timo Werner<\/strong> puso el 3-0 al 57&#8242; tras un pase de Hector. El<b> <\/b><em>Tri<\/em>\u00a0busc\u00f3 con algunos disparos lejanos el marco rival; sin embargo, el bal\u00f3n no encontr\u00f3 destino final, al 75&#8242; <strong>Jim\u00e9nez<\/strong> pudo meter el primero para el combinado nacional pero su remate termin\u00f3 en el travesa\u00f1o, hasta que Marco Fabi\u00e1n encontr\u00f3 el arco rival al 89&#8242; con un remate de media distancia para acortar distancias. Younes puso cifras definitivas al 90&#8242; tras marcar el 4-1.<\/p>\n<p>Con este resultado <strong>Alemania<\/strong> enfrentar\u00e1 a <strong>Chile<\/strong> en la gran final y <strong>M\u00e9xico<\/strong> jugar\u00e1 ante <strong>Portugal<\/strong> por el tercer lugar del torneo.<\/p>\n<p>&nbsp;<\/p>\n<blockquote class=\"twitter-tweet\" data-lang=\"es\">\n<p dir=\"ltr\" lang=\"es\"><a href=\"https:\/\/twitter.com\/hashtag\/VeranoVerde?src=hash\">#VeranoVerde<\/a> \u00a1Dejaron solo a Werner y firm\u00f3 el tercero!<\/p>\n<p>EN VIVO en TDcom <a href=\"https:\/\/t.co\/HZPbe7hzBw\">https:\/\/t.co\/HZPbe7hzBw<\/a> <a href=\"https:\/\/t.co\/NefMcafNPb\">pic.twitter.com\/NefMcafNPb<\/a><\/p>\n<p>\u2014 Televisa Deportes (@TD_Deportes) <a href=\"https:\/\/twitter.com\/TD_Deportes\/status\/880505653252374529\">29 de junio de 2017<\/a><\/p><\/blockquote>\n<p><script async src=\"\/\/platform.twitter.com\/widgets.js\" charset=\"utf-8\"><\/script><\/p>\n<p>&nbsp;<\/p>\n<blockquote class=\"twitter-tweet\" data-lang=\"es\">\n<p dir=\"ltr\" lang=\"es\"><a href=\"https:\/\/twitter.com\/hashtag\/VeranoVerde?src=hash\">#VeranoVerde<\/a> \u00a1Qu\u00e9 clase de gol meti\u00f3 Marco Fabi\u00e1n!<\/p>\n<p>EN VIVO en TDcom <a href=\"https:\/\/t.co\/HZPbe7hzBw\">https:\/\/t.co\/HZPbe7hzBw<\/a> <a href=\"https:\/\/t.co\/8wHlChrNTZ\">pic.twitter.com\/8wHlChrNTZ<\/a><\/p>\n<p>\u2014 Televisa Deportes (@TD_Deportes) <a href=\"https:\/\/twitter.com\/TD_Deportes\/status\/880513436383182848\">29 de junio de 2017<\/a><\/p><\/blockquote>\n<p><script async src=\"\/\/platform.twitter.com\/widgets.js\" charset=\"utf-8\"><\/script><\/p>\n<p>&nbsp;<\/p>\n<blockquote class=\"twitter-tweet\" data-lang=\"es\">\n<p dir=\"ltr\" lang=\"es\"><a href=\"https:\/\/twitter.com\/hashtag\/VeranoVerde?src=hash\">#VeranoVerde<\/a> \u00a1Amin Younes cruz\u00f3 a Ochoa y puso el cuarto de Alemania!<\/p>\n<p>EN VIVO en TDcom <a href=\"https:\/\/t.co\/HZPbe7hzBw\">https:\/\/t.co\/HZPbe7hzBw<\/a> <a href=\"https:\/\/t.co\/pvWyUGRSk7\">pic.twitter.com\/pvWyUGRSk7<\/a><\/p>\n<p>\u2014 Televisa Deportes (@TD_Deportes) <a href=\"https:\/\/twitter.com\/TD_Deportes\/status\/880513769843040256\">29 de junio de 2017<\/a><\/p><\/blockquote>\n<p><script async src=\"\/\/platform.twitter.com\/widgets.js\" charset=\"utf-8\"><\/script><\/p>\n","protected":false},"excerpt":{"rendered":"<p>M\u00e9xico es exhibido en sector defensivo y cae 3-0 ante Alemania<\/p>\n","protected":false},"author":20,"featured_media":486005,"comment_status":"closed","ping_status":"closed","sticky":false,"template":"","format":"standard","meta":[],"categories":[3868,5,3839,2198,3847],"tags":[6000,1580,65],"_links":{"self":[{"href":"http:\/\/desarrollo.grupomedios.com\/futbol\/wp-json\/wp\/v2\/posts\/485943"}],"collection":[{"href":"http:\/\/desarrollo.grupomedios.com\/futbol\/wp-json\/wp\/v2\/posts"}],"about":[{"href":"http:\/\/desarrollo.grupomedios.com\/futbol\/wp-json\/wp\/v2\/types\/post"}],"author":[{"embeddable":true,"href":"http:\/\/desarrollo.grupomedios.com\/futbol\/wp-json\/wp\/v2\/users\/20"}],"replies":[{"embeddable":true,"href":"http:\/\/desarrollo.grupomedios.com\/futbol\/wp-json\/wp\/v2\/comments?post=485943"}],"version-history":[{"count":11,"href":"http:\/\/desarrollo.grupomedios.com\/futbol\/wp-json\/wp\/v2\/posts\/485943\/revisions"}],"predecessor-version":[{"id":486020,"href":"http:\/\/desarrollo.grupomedios.com\/futbol\/wp-json\/wp\/v2\/posts\/485943\/revisions\/486020"}],"wp:featuredmedia":[{"embeddable":true,"href":"http:\/\/desarrollo.grupomedios.com\/futbol\/wp-json\/wp\/v2\/media\/486005"}],"wp:attachment":[{"href":"http:\/\/desarrollo.grupomedios.com\/futbol\/wp-json\/wp\/v2\/media?parent=485943"}],"wp:term":[{"taxonomy":"category","embeddable":true,"href":"http:\/\/desarrollo.grupomedios.com\/futbol\/wp-json\/wp\/v2\/categories?post=485943"},{"taxonomy":"post_tag","embeddable":true,"href":"http:\/\/desarrollo.grupomedios.com\/futbol\/wp-json\/wp\/v2\/tags?post=485943"}],"curies":[{"name":"wp","href":"https:\/\/api.w.org\/{rel}","templated":true}]}}