{"id":485958,"date":"2017-06-29T14:18:29","date_gmt":"2017-06-29T19:18:29","guid":{"rendered":"https:\/\/www.futboltotal.com.mx\/?p=485958"},"modified":"2017-06-29T14:28:15","modified_gmt":"2017-06-29T19:28:15","slug":"ulises-rivas-dejaria-santos-para-emigrar-futbol-belgica","status":"publish","type":"post","link":"http:\/\/desarrollo.grupomedios.com\/futbol\/futbol-mexicano\/ulises-rivas-dejaria-santos-para-emigrar-futbol-belgica\/2017\/06","title":{"rendered":"Ulises Rivas dejar\u00eda a Santos para emigrar al futbol de B\u00e9lgica"},"content":{"rendered":"<p>Los futbolistas mexicanos actualmente est\u00e1n\u00a0llamando la atenci\u00f3n del futbol europeo, y un jugador de <strong>Santos<\/strong> <strong>Laguna<\/strong> ser\u00eda el pr\u00f3ximo en dejar la Liga MX para emigrar a la Liga de <strong>B\u00e9lgica<\/strong>: el mediocampista <strong>Ulises<\/strong> <strong>Rivas<\/strong>.<\/p>\n<p>El jugador de los <em><strong>Guerreros<\/strong><\/em> est\u00e1 en la mira del\u00a0<strong>Anderlecht<\/strong>, pues de acuerdo a medios belgas el mayor ganador de t\u00edtulos de Liga en ese pa\u00eds ya ha preguntado por <strong>Rivas<\/strong> al club mexicano.<\/p>\n<p style=\"text-align: center;\"><a href=\"https:\/\/www.futboltotal.com.mx\/2017\/06\/mats-hummels-le-manda-mensaje-a-oswaldo-alanis-alemania-vs-mexico\/\" target=\"_blank\" rel=\"noopener noreferrer\"><span style=\"color: #333399;\">VER M\u00c1S: Mats Hummels le manda mensaje a Oswaldo Alan\u00eds por el M\u00e9xico-Alemania<\/span><\/a><\/p>\n<p>&#8220;<strong>Ulises<\/strong> <strong>Rivas<\/strong> es un jugador capaz de recorrer de \u00e1rea a \u00e1rea, pero es alguien que se siente mejor cuando es el n\u00famero seis de la cancha. Es un centrocampista inteligente y t\u00e1cticamente fuerte\u00a0que se siente c\u00f3modo con la pelota y tiene una buena mentalidad. Por otra parte, pronto tendr\u00e1 el pasaporte italiano&#8221;, declar\u00f3 Oskar Olsen, representante del mexicano, para el portal VoetbalNieuws.<\/p>\n<p>De llevarse a cabo la contrataci\u00f3n de <strong>Ulises<\/strong> por parte del <strong>Anderlecht<\/strong>, ser\u00eda el segundo jugador azteca en jugar en <strong>B\u00e9lgica<\/strong>, ya que <strong>Carlos<\/strong> <strong>Hermosillo<\/strong> en 1989 fich\u00f3 por el <strong>Standard<\/strong> <strong>Lieja<\/strong>.<\/p>\n<p style=\"text-align: center;\"><a href=\"https:\/\/www.futboltotal.com.mx\/2017\/06\/alaves-ficha-a-enzo-zidane-la-proxima-temporada\/\" target=\"_blank\" rel=\"noopener noreferrer\"><span style=\"color: #333399;\">VER M\u00c1S: El hijo de Zidane deja al Real Madrid y ficha por Alav\u00e9s<\/span><\/a><\/p>\n<p>\u00a0<iframe loading=\"lazy\" src=\"https:\/\/www.youtube.com\/embed\/3dE6wRK4mFM\" frameborder=\"0\" allowfullscreen=\"allowfullscreen\"><\/iframe><\/p>\n","protected":false},"excerpt":{"rendered":"<p>El jugador de los Guerreros est\u00e1 en la mira de un hist\u00f3rico del futbol belga.<\/p>\n","protected":false},"author":20,"featured_media":485961,"comment_status":"closed","ping_status":"closed","sticky":false,"template":"","format":"standard","meta":[],"categories":[7740,3839,2198,3845,6718],"tags":[3851,9198,9199,174,4607],"_links":{"self":[{"href":"http:\/\/desarrollo.grupomedios.com\/futbol\/wp-json\/wp\/v2\/posts\/485958"}],"collection":[{"href":"http:\/\/desarrollo.grupomedios.com\/futbol\/wp-json\/wp\/v2\/posts"}],"about":[{"href":"http:\/\/desarrollo.grupomedios.com\/futbol\/wp-json\/wp\/v2\/types\/post"}],"author":[{"embeddable":true,"href":"http:\/\/desarrollo.grupomedios.com\/futbol\/wp-json\/wp\/v2\/users\/20"}],"replies":[{"embeddable":true,"href":"http:\/\/desarrollo.grupomedios.com\/futbol\/wp-json\/wp\/v2\/comments?post=485958"}],"version-history":[{"count":2,"href":"http:\/\/desarrollo.grupomedios.com\/futbol\/wp-json\/wp\/v2\/posts\/485958\/revisions"}],"predecessor-version":[{"id":485972,"href":"http:\/\/desarrollo.grupomedios.com\/futbol\/wp-json\/wp\/v2\/posts\/485958\/revisions\/485972"}],"wp:featuredmedia":[{"embeddable":true,"href":"http:\/\/desarrollo.grupomedios.com\/futbol\/wp-json\/wp\/v2\/media\/485961"}],"wp:attachment":[{"href":"http:\/\/desarrollo.grupomedios.com\/futbol\/wp-json\/wp\/v2\/media?parent=485958"}],"wp:term":[{"taxonomy":"category","embeddable":true,"href":"http:\/\/desarrollo.grupomedios.com\/futbol\/wp-json\/wp\/v2\/categories?post=485958"},{"taxonomy":"post_tag","embeddable":true,"href":"http:\/\/desarrollo.grupomedios.com\/futbol\/wp-json\/wp\/v2\/tags?post=485958"}],"curies":[{"name":"wp","href":"https:\/\/api.w.org\/{rel}","templated":true}]}}