{"id":485965,"date":"2017-06-29T14:38:24","date_gmt":"2017-06-29T19:38:24","guid":{"rendered":"https:\/\/www.futboltotal.com.mx\/?p=485965"},"modified":"2017-06-29T14:38:24","modified_gmt":"2017-06-29T19:38:24","slug":"medicos-chilenos-festejan-triunfo-en-plena-operacion","status":"publish","type":"post","link":"http:\/\/desarrollo.grupomedios.com\/futbol\/futbol-internacional\/medicos-chilenos-festejan-triunfo-en-plena-operacion\/2017\/06","title":{"rendered":"M\u00e9dicos chilenos festejan triunfo en plena operaci\u00f3n"},"content":{"rendered":"<p>Los aficionados chilenos vivieron con emoci\u00f3n el <span style=\"color: #3366ff;\"><a style=\"color: #3366ff;\" href=\"https:\/\/www.futboltotal.com.mx\/2017\/06\/chile-vence-portugal-esta-final-copa-confederaciones\/\" target=\"_blank\" rel=\"noopener noreferrer\">pase de su pa\u00eds a la Final de la Copa Confederaciones<\/a><\/span> y esto lleg\u00f3 hasta un hospital donde los m\u00e9dicos festejaron en plena operaci\u00f3n.<\/p>\n<p>A trav\u00e9s de las redes sociales, surgi\u00f3 una grabaci\u00f3n donde se ven a un grupo de doctores viendo por televisi\u00f3n la tanda de penaltis de la Semifinal de la Copa Confederaciones y cuando Claudio Bravo ataj\u00f3 el \u00faltimo, no dudaron en celebrarlo con el paciente recostado.<\/p>\n<p>Incluso gente de la Comisi\u00f3n de Salud de la C\u00e1mara en <strong>Chile<\/strong> ya se ha pronunciado al respecto, pues la diputada Karla Rubilar, explic\u00f3 que el hecho &#8220;amerita una investigaci\u00f3n&#8221; y calific\u00f3 la situaci\u00f3n como &#8220;grave&#8221;.<\/p>\n<p style=\"text-align: center;\"><span style=\"color: #3366ff;\"><a style=\"color: #3366ff;\" href=\"https:\/\/www.futboltotal.com.mx\/2017\/06\/mats-hummels-le-manda-mensaje-a-oswaldo-alanis-alemania-vs-mexico\/\">VER M\u00c1S: Mats Hummels le manda mensaje a Oswaldo Alan\u00eds por el Alemania vs M\u00e9xico<\/a><\/span><\/p>\n<p><iframe loading=\"lazy\" src=\"https:\/\/www.youtube.com\/embed\/90ctowIxzHI?feature=oembed\" frameborder=\"0\" allowfullscreen><\/iframe><\/p>\n","protected":false},"excerpt":{"rendered":"<p>Los m\u00e9dicos ser\u00e1n investigados.<\/p>\n","protected":false},"author":20,"featured_media":484070,"comment_status":"closed","ping_status":"closed","sticky":false,"template":"","format":"standard","meta":[],"categories":[3839],"tags":[406,1580],"_links":{"self":[{"href":"http:\/\/desarrollo.grupomedios.com\/futbol\/wp-json\/wp\/v2\/posts\/485965"}],"collection":[{"href":"http:\/\/desarrollo.grupomedios.com\/futbol\/wp-json\/wp\/v2\/posts"}],"about":[{"href":"http:\/\/desarrollo.grupomedios.com\/futbol\/wp-json\/wp\/v2\/types\/post"}],"author":[{"embeddable":true,"href":"http:\/\/desarrollo.grupomedios.com\/futbol\/wp-json\/wp\/v2\/users\/20"}],"replies":[{"embeddable":true,"href":"http:\/\/desarrollo.grupomedios.com\/futbol\/wp-json\/wp\/v2\/comments?post=485965"}],"version-history":[{"count":1,"href":"http:\/\/desarrollo.grupomedios.com\/futbol\/wp-json\/wp\/v2\/posts\/485965\/revisions"}],"predecessor-version":[{"id":485975,"href":"http:\/\/desarrollo.grupomedios.com\/futbol\/wp-json\/wp\/v2\/posts\/485965\/revisions\/485975"}],"wp:featuredmedia":[{"embeddable":true,"href":"http:\/\/desarrollo.grupomedios.com\/futbol\/wp-json\/wp\/v2\/media\/484070"}],"wp:attachment":[{"href":"http:\/\/desarrollo.grupomedios.com\/futbol\/wp-json\/wp\/v2\/media?parent=485965"}],"wp:term":[{"taxonomy":"category","embeddable":true,"href":"http:\/\/desarrollo.grupomedios.com\/futbol\/wp-json\/wp\/v2\/categories?post=485965"},{"taxonomy":"post_tag","embeddable":true,"href":"http:\/\/desarrollo.grupomedios.com\/futbol\/wp-json\/wp\/v2\/tags?post=485965"}],"curies":[{"name":"wp","href":"https:\/\/api.w.org\/{rel}","templated":true}]}}