{"id":486019,"date":"2017-06-29T15:30:08","date_gmt":"2017-06-29T20:30:08","guid":{"rendered":"https:\/\/www.futboltotal.com.mx\/?p=486019"},"modified":"2017-06-29T15:53:55","modified_gmt":"2017-06-29T20:53:55","slug":"mereciamos-par-goles-juan-carlos-osorio","status":"publish","type":"post","link":"http:\/\/desarrollo.grupomedios.com\/futbol\/destacado-home\/mereciamos-par-goles-juan-carlos-osorio\/2017\/06","title":{"rendered":"Merec\u00edamos un par de goles m\u00e1s: Juan Carlos Osorio"},"content":{"rendered":"<p>El seleccionador de M\u00e9xico, <strong>Juan Carlos Osorio<\/strong>, consider\u00f3 hoy que su equipo merec\u00eda marcar al menos dos goles m\u00e1s y lograr un resultado mucho mejor que <span style=\"color: #3366ff;\"><a style=\"color: #3366ff;\" href=\"https:\/\/www.futboltotal.com.mx\/2017\/06\/mexico-cae-ante-alemania-en-sochi\/\" target=\"_blank\" rel=\"noopener noreferrer\">el 4-1 que le endos\u00f3 Alemania en la semifinal<\/a><\/span> de la <strong>Copa de Confederaciones<\/strong> que se juega en Rusia.<\/p>\n<p>&#8220;Creo que merec\u00edamos m\u00e1s, por todas las opciones creadas. El equipo siempre fue de frente, continuamos con la idea de juego a pesar de ir en desventaja y con su equipo replegado, les generamos muchas opciones, por lo menos para hacer dos goles m\u00e1s&#8221;, dijo Osorio en la rueda de prensa posterior al partido.<\/p>\n<p style=\"text-align: center;\"><span style=\"color: #3366ff;\"><a style=\"color: #3366ff;\" href=\"https:\/\/www.futboltotal.com.mx\/2017\/06\/mats-hummels-le-manda-mensaje-a-oswaldo-alanis-alemania-vs-mexico\/\">VER M\u00c1S: Mats Hummels le manda mensaje a Oswaldo Alan\u00eds por el Alemania vs M\u00e9xico<\/a><\/span><\/p>\n<p>Destac\u00f3 la eficacia del rival para marcar sus cuatro goles y ech\u00f3 en falta lo mismo en su escuadra, que durante gran parte del partido jugado en el estadio Ol\u00edmpico Fisht de Sochi domin\u00f3 el bal\u00f3n y se volc\u00f3 en el ataque.<\/p>\n<p>&#8220;Somos eficientes para crear oportunidades pero no somos eficaces. Y ellos, entre las muchas cosas buenas que tienen, sobresale la eficacia&#8221;, explic\u00f3 &#8220;el profe&#8221; la abultada derrota que sufri\u00f3 M\u00e9xico pese al juego desplegado.<\/p>\n<p>Al mismo tiempo, reconoci\u00f3 que se vio obligado a &#8220;acomodar al equipo&#8221; titular al no contar con Reyes y Salcedo, a los que dijo que esa &#8220;muy dif\u00edcil sustituir&#8221;.<\/p>\n<p>Alemania disputar\u00e1 ante Chile la final de la <strong>Copa Confederaciones<\/strong> el pr\u00f3ximo domingo en San Petersburgo, mientras que M\u00e9xico tendr\u00e1 que conformarse con el partido por el tercer puesto, que se jugar\u00e1 en Mosc\u00fa ante Portugal.EFE<\/p>\n<p style=\"text-align: center;\"><span style=\"color: #3366ff;\"><a style=\"color: #3366ff;\" href=\"https:\/\/www.futboltotal.com.mx\/2017\/06\/fueraosorio-inunda-las-redes-sociales\/\">VER M\u00c1S: El #FueraOsorio inunda las redes sociales<\/a><\/span><\/p>\n","protected":false},"excerpt":{"rendered":"<p>El t\u00e9cnico asegur\u00f3 que su equipo merec\u00eda m\u00e1s.<\/p>\n","protected":false},"author":144,"featured_media":486024,"comment_status":"closed","ping_status":"closed","sticky":false,"template":"","format":"standard","meta":[],"categories":[5,2198],"tags":[6000,6196,65],"_links":{"self":[{"href":"http:\/\/desarrollo.grupomedios.com\/futbol\/wp-json\/wp\/v2\/posts\/486019"}],"collection":[{"href":"http:\/\/desarrollo.grupomedios.com\/futbol\/wp-json\/wp\/v2\/posts"}],"about":[{"href":"http:\/\/desarrollo.grupomedios.com\/futbol\/wp-json\/wp\/v2\/types\/post"}],"author":[{"embeddable":true,"href":"http:\/\/desarrollo.grupomedios.com\/futbol\/wp-json\/wp\/v2\/users\/144"}],"replies":[{"embeddable":true,"href":"http:\/\/desarrollo.grupomedios.com\/futbol\/wp-json\/wp\/v2\/comments?post=486019"}],"version-history":[{"count":1,"href":"http:\/\/desarrollo.grupomedios.com\/futbol\/wp-json\/wp\/v2\/posts\/486019\/revisions"}],"predecessor-version":[{"id":486026,"href":"http:\/\/desarrollo.grupomedios.com\/futbol\/wp-json\/wp\/v2\/posts\/486019\/revisions\/486026"}],"wp:featuredmedia":[{"embeddable":true,"href":"http:\/\/desarrollo.grupomedios.com\/futbol\/wp-json\/wp\/v2\/media\/486024"}],"wp:attachment":[{"href":"http:\/\/desarrollo.grupomedios.com\/futbol\/wp-json\/wp\/v2\/media?parent=486019"}],"wp:term":[{"taxonomy":"category","embeddable":true,"href":"http:\/\/desarrollo.grupomedios.com\/futbol\/wp-json\/wp\/v2\/categories?post=486019"},{"taxonomy":"post_tag","embeddable":true,"href":"http:\/\/desarrollo.grupomedios.com\/futbol\/wp-json\/wp\/v2\/tags?post=486019"}],"curies":[{"name":"wp","href":"https:\/\/api.w.org\/{rel}","templated":true}]}}