{"id":486023,"date":"2017-06-29T16:25:21","date_gmt":"2017-06-29T21:25:21","guid":{"rendered":"https:\/\/www.futboltotal.com.mx\/?p=486023"},"modified":"2017-06-29T21:07:37","modified_gmt":"2017-06-30T02:07:37","slug":"dt-mexico-presidente-hugo-sanchez","status":"publish","type":"post","link":"http:\/\/desarrollo.grupomedios.com\/futbol\/futbol-mexicano\/dt-mexico-presidente-hugo-sanchez\/2017\/06","title":{"rendered":"&#8220;Ser DT de M\u00e9xico es como ser el presidente&#8221;: Hugo S\u00e1nchez"},"content":{"rendered":"<p>Tras la ca\u00edda\u00a0de la<a href=\"https:\/\/www.futboltotal.com.mx\/2017\/06\/mexico-cae-ante-alemania-en-sochi\/\" target=\"_blank\" rel=\"noopener noreferrer\"><span style=\"color: #333399;\"><strong> Selecci\u00f3n Mexicana<\/strong><\/span><\/a> ante <a href=\"https:\/\/www.futboltotal.com.mx\/2017\/06\/alemania-felicito-a-mexico-los-aficionados-se-fueron-contra-tri\/\" target=\"_blank\" rel=\"noopener noreferrer\"><span style=\"color: #333399;\"><strong>Alemania<\/strong><\/span><\/a> por marcador de 4-1 en la ronda de semifinales de la <a href=\"https:\/\/www.futboltotal.com.mx\/2017\/06\/chile-vence-portugal-esta-final-copa-confederaciones\/\" target=\"_blank\" rel=\"noopener noreferrer\"><span style=\"color: #333399;\"><strong>Copa Confederaciones<\/strong><\/span><\/a>, los comentarios en contra de los jugadores y cuerpo t\u00e9cnico del combinado nacional no se hicieron esperar, tal fue el caso de los comentaristas del programa <strong>Futbol Picante<\/strong> de <strong>ESPN<\/strong>, quienes expresaron su sentir tras el resultado.<\/p>\n<p>Al cuestion\u00e1rsele a <strong>Mario Carrillo<\/strong> y a &#8216;Chelis&#8217; sobre si estar\u00edan dispuestos a asesorar a<a href=\"https:\/\/www.futboltotal.com.mx\/2017\/06\/mereciamos-par-goles-juan-carlos-osorio\/\" target=\"_blank\" rel=\"noopener noreferrer\"><span style=\"color: #333399;\"> <strong>Juan Carlos Osorio<\/strong><\/span><\/a> en caso de ser requeridos, ambos estrategas coincidieron en que no era el caso especular, pero con todo gusto lo har\u00edan si fuera necesario, al tiempo que a\u00f1adieron que esta selecci\u00f3n se encuentra muy por debajo de su nivel.<\/p>\n<p style=\"text-align: center;\"><a href=\"https:\/\/www.futboltotal.com.mx\/2017\/06\/guerron-entre-algodones-con-pumas\/\" target=\"_blank\" rel=\"noopener noreferrer\"><span style=\"color: #333399;\">VER M\u00c1S:\u00a0Guerr\u00f3n entre algodones en pretemporada de Pumas<\/span><\/a><\/p>\n<p>Lo mejor lleg\u00f3 con la intervenci\u00f3n de <a href=\"https:\/\/www.futboltotal.com.mx\/2017\/06\/hugo-sanchez-arremete-contra-juan-carlos-osorio\/\" target=\"_blank\" rel=\"noopener noreferrer\"><span style=\"color: #333399;\"><strong>Hugo S\u00e1nchez<\/strong><\/span><\/a>, hombre pol\u00e9mico y controvertido, que en reiteradas ocasiones ha expresado su descontento con las formas del t\u00e9cnico colombiano y la manera en c\u00f3mo dirige al <em>Tricolor<\/em>, ya que no es la primera vez que le tunde con todo al t\u00e9cnico cafetalero. Cabe recordar, que hace unos d\u00edas asegur\u00f3 que <strong>Osorio<\/strong> no durar\u00eda mucho al frente del <em>Tri<\/em> si no demostraba ante los teutones.<\/p>\n<p>Sin embargo, luego de reiterar su molestia por la derrota mexicana ante los teutones, el <em>Pentapichichi<\/em> asegur\u00f3 que ser entrenador de la <strong>Selecci\u00f3n Mexicana<\/strong> es como ser el presidente de <strong>M\u00e9xico<\/strong>, ya que necesita gente que lo asesore. As\u00ed mismo, asegur\u00f3 que durante su gesti\u00f3n como timonel del conjunto azteca siempre estuvo abierto a los comentarios.<\/p>\n<p>Mira el v\u00eddeo a partir del minuto 48&#8242;<\/p>\n<p style=\"text-align: center;\"><a href=\"https:\/\/www.futboltotal.com.mx\/2017\/06\/portero-jesse-gonzalez-cambia-mexico-jugar-estados-unidos\/\" target=\"_blank\" rel=\"noopener noreferrer\"><span style=\"color: #333399;\">VER M\u00c1S:\u00a0Portero Jesse Gonz\u00e1lez cambia a M\u00e9xico para jugar con EE. UU.<\/span><\/a><\/p>\n<p><iframe loading=\"lazy\" src=\"https:\/\/www.youtube.com\/embed\/jTVj1y9SwIA?feature=oembed\" frameborder=\"0\" allowfullscreen><\/iframe><\/p>\n","protected":false},"excerpt":{"rendered":"<p>&#8220;Ser DT de M\u00e9xico es como ser el presidente&#8221;, asegur\u00f3 Hugo S\u00e1nchez<\/p>\n","protected":false},"author":20,"featured_media":486029,"comment_status":"closed","ping_status":"closed","sticky":false,"template":"","format":"standard","meta":[],"categories":[5419,3868,3839,2198,3847],"tags":[6000,311,1580,448,6196,628,65],"_links":{"self":[{"href":"http:\/\/desarrollo.grupomedios.com\/futbol\/wp-json\/wp\/v2\/posts\/486023"}],"collection":[{"href":"http:\/\/desarrollo.grupomedios.com\/futbol\/wp-json\/wp\/v2\/posts"}],"about":[{"href":"http:\/\/desarrollo.grupomedios.com\/futbol\/wp-json\/wp\/v2\/types\/post"}],"author":[{"embeddable":true,"href":"http:\/\/desarrollo.grupomedios.com\/futbol\/wp-json\/wp\/v2\/users\/20"}],"replies":[{"embeddable":true,"href":"http:\/\/desarrollo.grupomedios.com\/futbol\/wp-json\/wp\/v2\/comments?post=486023"}],"version-history":[{"count":6,"href":"http:\/\/desarrollo.grupomedios.com\/futbol\/wp-json\/wp\/v2\/posts\/486023\/revisions"}],"predecessor-version":[{"id":486100,"href":"http:\/\/desarrollo.grupomedios.com\/futbol\/wp-json\/wp\/v2\/posts\/486023\/revisions\/486100"}],"wp:featuredmedia":[{"embeddable":true,"href":"http:\/\/desarrollo.grupomedios.com\/futbol\/wp-json\/wp\/v2\/media\/486029"}],"wp:attachment":[{"href":"http:\/\/desarrollo.grupomedios.com\/futbol\/wp-json\/wp\/v2\/media?parent=486023"}],"wp:term":[{"taxonomy":"category","embeddable":true,"href":"http:\/\/desarrollo.grupomedios.com\/futbol\/wp-json\/wp\/v2\/categories?post=486023"},{"taxonomy":"post_tag","embeddable":true,"href":"http:\/\/desarrollo.grupomedios.com\/futbol\/wp-json\/wp\/v2\/tags?post=486023"}],"curies":[{"name":"wp","href":"https:\/\/api.w.org\/{rel}","templated":true}]}}