{"id":486025,"date":"2017-06-29T16:03:33","date_gmt":"2017-06-29T21:03:33","guid":{"rendered":"https:\/\/www.futboltotal.com.mx\/?p=486025"},"modified":"2017-06-29T16:03:33","modified_gmt":"2017-06-29T21:03:33","slug":"alemania-felicito-a-mexico-los-aficionados-se-fueron-contra-tri","status":"publish","type":"post","link":"http:\/\/desarrollo.grupomedios.com\/futbol\/futbol-mexicano\/alemania-felicito-a-mexico-los-aficionados-se-fueron-contra-tri\/2017\/06","title":{"rendered":"Alemania felicit\u00f3 a M\u00e9xico y los aficionados se fueron con todo contra el Tri"},"content":{"rendered":"<p>Despu\u00e9s de derrotar a M\u00e9xico en la Copa Confederaciones, Alemania envi\u00f3 un Tweet de felicitaci\u00f3n para el Tri en su cuenta oficial en espa\u00f1ol.<\/p>\n<p>https:\/\/twitter.com\/DFB_Team_ES\/status\/880518231546630144<\/p>\n<p>Los aficionados mexicanos no se hicieron esperar con las respuestas; la gran mayor\u00eda con un tono humor\u00edstico y haciendo alusi\u00f3n al p\u00e9simo partido jugado por M\u00e9xico.<\/p>\n<p style=\"text-align: center;\"><span style=\"color: #333399;\"><a style=\"color: #333399;\" href=\"https:\/\/www.futboltotal.com.mx\/2017\/06\/fueraosorio-inunda-las-redes-sociales\/\" target=\"_blank\" rel=\"noopener noreferrer\">VER M\u00c1S: El #FueraOsorio inunda las redes sociales<\/a><\/span><\/p>\n<blockquote class=\"twitter-tweet\" data-width=\"500\">\n<p lang=\"es\" dir=\"ltr\">Nada m\u00e1s les falt\u00f3 est\u00e1 foto. <a href=\"https:\/\/t.co\/mc6sZGiLlh\">pic.twitter.com\/mc6sZGiLlh<\/a><\/p>\n<p>&mdash; Mr. B. (@brianousky) <a href=\"https:\/\/twitter.com\/brianousky\/status\/880520660413493248\">June 29, 2017<\/a><\/p><\/blockquote>\n<p><script async src=\"\/\/platform.twitter.com\/widgets.js\" charset=\"utf-8\"><\/script><\/p>\n<blockquote class=\"twitter-tweet\" data-width=\"500\">\n<p lang=\"es\" dir=\"ltr\">Lo que en realidad quisieron decir es HA SIDO Y SER\u00c1 SIEMPRE UN HONOR TRAERLOS DE HIJOS!<br \/>4 y contando un 29 de junio<\/p>\n<p>&mdash; Santiago Fittipaldi (@Santiago_Bichi1) <a href=\"https:\/\/twitter.com\/Santiago_Bichi1\/status\/880520559599255552\">June 29, 2017<\/a><\/p><\/blockquote>\n<p><script async src=\"\/\/platform.twitter.com\/widgets.js\" charset=\"utf-8\"><\/script><\/p>\n<blockquote class=\"twitter-tweet\" data-width=\"500\">\n<p lang=\"es\" dir=\"ltr\">Gracias a ustedes por ense\u00f1arnos la distancia entre el cielo y el suelo! Grande ALEMANIA!!!<\/p>\n<p>&mdash; Santiago Barba (@sanbag12) <a href=\"https:\/\/twitter.com\/sanbag12\/status\/880523745424805888\">June 29, 2017<\/a><\/p><\/blockquote>\n<p><script async src=\"\/\/platform.twitter.com\/widgets.js\" charset=\"utf-8\"><\/script><\/p>\n<blockquote class=\"twitter-tweet\" data-width=\"500\">\n<p lang=\"es\" dir=\"ltr\">Les falt\u00f3 meter otros tres para hacernos el favor de que echen a Osorio.<\/p>\n<p>&mdash; Negrito \ud83d\ude42 (@l_a_l_i_t_o_o) <a href=\"https:\/\/twitter.com\/l_a_l_i_t_o_o\/status\/880520850700615681\">June 29, 2017<\/a><\/p><\/blockquote>\n<p><script async src=\"\/\/platform.twitter.com\/widgets.js\" charset=\"utf-8\"><\/script><\/p>\n<blockquote class=\"twitter-tweet\" data-width=\"500\">\n<p lang=\"es\" dir=\"ltr\">nos pueden regalar a low y le regalamos el estado de veracruz?<\/p>\n<p>&mdash; gana bitcoin (@ganandobitcoin8) <a href=\"https:\/\/twitter.com\/ganandobitcoin8\/status\/880518772632637440\">June 29, 2017<\/a><\/p><\/blockquote>\n<p><script async src=\"\/\/platform.twitter.com\/widgets.js\" charset=\"utf-8\"><\/script><\/p>\n<p style=\"text-align: center;\"><span style=\"color: #333399;\"><a style=\"color: #333399;\" href=\"https:\/\/www.futboltotal.com.mx\/2017\/06\/los-memes-del-alemania-vs-mexico-confederaciones\/\" target=\"_blank\" rel=\"noopener noreferrer\">VER M\u00c1S: Los mejores memes de la Alemania vs M\u00e9xico<\/a><\/span><\/p>\n<p>&nbsp;<\/p>\n","protected":false},"excerpt":{"rendered":"<p>M\u00e9xico fue felicitado por Alemania en redes sociales, pero los aficionados no perdonaron y se burlaron en redes<\/p>\n","protected":false},"author":20,"featured_media":486027,"comment_status":"closed","ping_status":"closed","sticky":false,"template":"","format":"standard","meta":[],"categories":[3868,2198,3847],"tags":[6000,1580,65,409],"_links":{"self":[{"href":"http:\/\/desarrollo.grupomedios.com\/futbol\/wp-json\/wp\/v2\/posts\/486025"}],"collection":[{"href":"http:\/\/desarrollo.grupomedios.com\/futbol\/wp-json\/wp\/v2\/posts"}],"about":[{"href":"http:\/\/desarrollo.grupomedios.com\/futbol\/wp-json\/wp\/v2\/types\/post"}],"author":[{"embeddable":true,"href":"http:\/\/desarrollo.grupomedios.com\/futbol\/wp-json\/wp\/v2\/users\/20"}],"replies":[{"embeddable":true,"href":"http:\/\/desarrollo.grupomedios.com\/futbol\/wp-json\/wp\/v2\/comments?post=486025"}],"version-history":[{"count":1,"href":"http:\/\/desarrollo.grupomedios.com\/futbol\/wp-json\/wp\/v2\/posts\/486025\/revisions"}],"predecessor-version":[{"id":486028,"href":"http:\/\/desarrollo.grupomedios.com\/futbol\/wp-json\/wp\/v2\/posts\/486025\/revisions\/486028"}],"wp:featuredmedia":[{"embeddable":true,"href":"http:\/\/desarrollo.grupomedios.com\/futbol\/wp-json\/wp\/v2\/media\/486027"}],"wp:attachment":[{"href":"http:\/\/desarrollo.grupomedios.com\/futbol\/wp-json\/wp\/v2\/media?parent=486025"}],"wp:term":[{"taxonomy":"category","embeddable":true,"href":"http:\/\/desarrollo.grupomedios.com\/futbol\/wp-json\/wp\/v2\/categories?post=486025"},{"taxonomy":"post_tag","embeddable":true,"href":"http:\/\/desarrollo.grupomedios.com\/futbol\/wp-json\/wp\/v2\/tags?post=486025"}],"curies":[{"name":"wp","href":"https:\/\/api.w.org\/{rel}","templated":true}]}}