{"id":486035,"date":"2017-06-29T16:28:40","date_gmt":"2017-06-29T21:28:40","guid":{"rendered":"https:\/\/www.futboltotal.com.mx\/?p=486035"},"modified":"2017-06-29T16:28:40","modified_gmt":"2017-06-29T21:28:40","slug":"michael-arroyo-ya-nuevo-equipo-gremio","status":"publish","type":"post","link":"http:\/\/desarrollo.grupomedios.com\/futbol\/futbol-internacional\/michael-arroyo-ya-nuevo-equipo-gremio\/2017\/06","title":{"rendered":"\u00a1Michael Arroyo ya tiene nuevo equipo!"},"content":{"rendered":"<p>El <strong>Gremio<\/strong> anunci\u00f3 hoy el fichaje para las dos pr\u00f3ximas temporadas del ecuatoriano <strong>Michael Arroyo<\/strong>, procedente del <strong>Am\u00e9rica<\/strong> mexicano, inform\u00f3 hoy el club brasile\u00f1o.<\/p>\n<p><strong>Arroyo<\/strong>, de 30 a\u00f1os, firm\u00f3 un contrato hasta diciembre de 2019 y su llegada permitir\u00e1 reforzar el ataque de los gauchos de cara al abultado calendario que tendr\u00e1n que afrontar en las pr\u00f3ximas semanas, con la Copa Libertadores como principal desaf\u00edo.<\/p>\n<p>El internacional con Ecuador se desempe\u00f1a como mediapunta con la posibilidad incluso de ocupar posiciones en el frente del ataque, donde mostr\u00f3 un buen rendimiento en el conjunto mexicano junto con Oribe Peralta.<\/p>\n<p style=\"text-align: center;\"><span style=\"color: #3366ff;\"><a style=\"color: #3366ff;\" href=\"https:\/\/www.futboltotal.com.mx\/2017\/06\/mereciamos-par-goles-juan-carlos-osorio\/\">VER M\u00c1S: Merec\u00edamos un par de goles m\u00e1s: Juan Carlos Osorio<\/a><\/span><\/p>\n<blockquote class=\"twitter-tweet\" data-width=\"500\">\n<p lang=\"pt\" dir=\"ltr\">Confirmado na tarde de hoje, Michael Arroyo \u00e9 o novo <a href=\"https:\/\/twitter.com\/hashtag\/Refor%C3%A7oTricolor2017?src=hash\">#Refor\u00e7oTricolor2017<\/a>! <a href=\"https:\/\/t.co\/zYHp4iZsML\">https:\/\/t.co\/zYHp4iZsML<\/a> <a href=\"https:\/\/t.co\/HeayGibFRV\">pic.twitter.com\/HeayGibFRV<\/a><\/p>\n<p>&mdash; Gr\u00eamio FBPA (@Gremio) <a href=\"https:\/\/twitter.com\/Gremio\/status\/880509513551548416\">June 29, 2017<\/a><\/p><\/blockquote>\n<p><script async src=\"\/\/platform.twitter.com\/widgets.js\" charset=\"utf-8\"><\/script><\/p>\n<p><strong>Arroyo<\/strong> inici\u00f3 su carrera en el Emelec, de Guayaquil, la ciudad donde naci\u00f3.<\/p>\n<p>Tambi\u00e9n en su pa\u00eds defendi\u00f3 los colores del Barcelona de Guayaquil y el Deportivo Quito, con los que consigui\u00f3 levantar el campeonato nacional.<\/p>\n<p>Posteriormente, su periplo por M\u00e9xico le llev\u00f3 a militar en el San Luis Potos\u00ed, Atlante y Am\u00e9rica, donde despunt\u00f3 definitivamente y sum\u00f3 a su expediente una liga y dos Concacaf, la \u00faltima precisamente en la pasada temporada.<\/p>\n<p>El ecuatoriano ya se entren\u00f3 la tarde de este jueves sin que su fichaje haya supuesto un desembolso para el club ya que lleg\u00f3 como libre al no renovar su contrato con la escuadra azteca.<\/p>\n<p style=\"text-align: center;\"><span style=\"color: #3366ff;\"><a style=\"color: #3366ff;\" href=\"https:\/\/www.futboltotal.com.mx\/2017\/06\/los-memes-del-alemania-vs-mexico-confederaciones\/\">VER M\u00c1S: Los Memes del Alemania vs M\u00e9xico de Confederaciones<\/a><\/span><\/p>\n<p>El Gremio ocupa la segunda plaza en el Campeonato Brasile\u00f1o, a cuatro puntos del l\u00edder, el Corinthians, y la pr\u00f3xima semana jugar\u00e1 en Argentina ante el Godoy Cruz de Mendoza en la ida de los octavos de final de la Copa Libertadores.<\/p>\n<p>El Gremio tiene en su plantilla al zaguero argentino Walter Kannemann, al atacante peruano Beto Da Silva, al artillero paraguayo Lucas Barrios y al tambi\u00e9n ecuatoriano Miller Bola\u00f1os, quien se recupera de una lesi\u00f3n.<\/p>\n<p>Ya el centrocampista uruguayo Maxi Rodr\u00edguez y el delantero sudafricano Tyroane Sandows fueron declarados transferibles. EFE<\/p>\n","protected":false},"excerpt":{"rendered":"<p>El ecuatoriano tendr\u00e1 su futuro en Brasil.<\/p>\n","protected":false},"author":144,"featured_media":480352,"comment_status":"closed","ping_status":"closed","sticky":false,"template":"","format":"standard","meta":[],"categories":[3839],"tags":[6214,4775],"_links":{"self":[{"href":"http:\/\/desarrollo.grupomedios.com\/futbol\/wp-json\/wp\/v2\/posts\/486035"}],"collection":[{"href":"http:\/\/desarrollo.grupomedios.com\/futbol\/wp-json\/wp\/v2\/posts"}],"about":[{"href":"http:\/\/desarrollo.grupomedios.com\/futbol\/wp-json\/wp\/v2\/types\/post"}],"author":[{"embeddable":true,"href":"http:\/\/desarrollo.grupomedios.com\/futbol\/wp-json\/wp\/v2\/users\/144"}],"replies":[{"embeddable":true,"href":"http:\/\/desarrollo.grupomedios.com\/futbol\/wp-json\/wp\/v2\/comments?post=486035"}],"version-history":[{"count":1,"href":"http:\/\/desarrollo.grupomedios.com\/futbol\/wp-json\/wp\/v2\/posts\/486035\/revisions"}],"predecessor-version":[{"id":486039,"href":"http:\/\/desarrollo.grupomedios.com\/futbol\/wp-json\/wp\/v2\/posts\/486035\/revisions\/486039"}],"wp:featuredmedia":[{"embeddable":true,"href":"http:\/\/desarrollo.grupomedios.com\/futbol\/wp-json\/wp\/v2\/media\/480352"}],"wp:attachment":[{"href":"http:\/\/desarrollo.grupomedios.com\/futbol\/wp-json\/wp\/v2\/media?parent=486035"}],"wp:term":[{"taxonomy":"category","embeddable":true,"href":"http:\/\/desarrollo.grupomedios.com\/futbol\/wp-json\/wp\/v2\/categories?post=486035"},{"taxonomy":"post_tag","embeddable":true,"href":"http:\/\/desarrollo.grupomedios.com\/futbol\/wp-json\/wp\/v2\/tags?post=486035"}],"curies":[{"name":"wp","href":"https:\/\/api.w.org\/{rel}","templated":true}]}}