{"id":486036,"date":"2017-06-29T16:33:43","date_gmt":"2017-06-29T21:33:43","guid":{"rendered":"https:\/\/www.futboltotal.com.mx\/?p=486036"},"modified":"2017-06-29T16:33:43","modified_gmt":"2017-06-29T21:33:43","slug":"influencer-del-tri-tunde-a-juan-carlos-osorio","status":"publish","type":"post","link":"http:\/\/desarrollo.grupomedios.com\/futbol\/galerias\/influencer-del-tri-tunde-a-juan-carlos-osorio\/2017\/06","title":{"rendered":"\u00a1Influencer del Tri, tunde a Juan Carlos Osorio!"},"content":{"rendered":"<p>La imagen de la <span style=\"color: #ff0000;\"><a style=\"color: #ff0000;\" href=\"http:\/\/www.futboltotal.com.mx\/futbol-mexicano\/seleccion-mexicana\/\" target=\"_blank\" rel=\"noopener noreferrer\">Selecci\u00f3n Mexicana<\/a><\/span> en redes sociales, <strong>Bris Mat<\/strong>, no pudo evitar sentir coraje, tras la eliminaci\u00f3n del <em>Tri<\/em> en las Semifinales de la Copa Confederaciones de Rusia 2017; pues tundi\u00f3 a Juan Carlos Osorio, por la alineaci\u00f3n y los cambios realizados, durante el encuentro ante Alemania.<\/p>\n<p><a href=\"https:\/\/www.futboltotal.com.mx\/wp-content\/uploads\/2017\/06\/bris-mat-redes-sociales.jpg\"><img decoding=\"async\" loading=\"lazy\" class=\"alignnone size-full wp-image-486041\" src=\"https:\/\/www.futboltotal.com.mx\/wp-content\/uploads\/2017\/06\/bris-mat-redes-sociales.jpg\" alt=\"\u00a1Influencer del Tri, tunde a Juan Carlos Osorio! 0\" srcset=\"http:\/\/desarrollo.grupomedios.com\/futbol\/wp-content\/uploads\/2017\/06\/bris-mat-redes-sociales.jpg 1136w, http:\/\/desarrollo.grupomedios.com\/futbol\/wp-content\/uploads\/2017\/06\/bris-mat-redes-sociales-300x169.jpg 300w, http:\/\/desarrollo.grupomedios.com\/futbol\/wp-content\/uploads\/2017\/06\/bris-mat-redes-sociales-768x432.jpg 768w, http:\/\/desarrollo.grupomedios.com\/futbol\/wp-content\/uploads\/2017\/06\/bris-mat-redes-sociales-1024x576.jpg 1024w, http:\/\/desarrollo.grupomedios.com\/futbol\/wp-content\/uploads\/2017\/06\/bris-mat-redes-sociales-317x178.jpg 317w, http:\/\/desarrollo.grupomedios.com\/futbol\/wp-content\/uploads\/2017\/06\/bris-mat-redes-sociales-535x301.jpg 535w, http:\/\/desarrollo.grupomedios.com\/futbol\/wp-content\/uploads\/2017\/06\/bris-mat-redes-sociales-374x210.jpg 374w\" sizes=\"(max-width: 1136px) 100vw, 1136px\" \/><\/a><\/p>\n<p style=\"text-align: center;\"><span style=\"color: #3366ff;\"><a style=\"color: #3366ff;\" href=\"https:\/\/en-vivo.futboltotal.com.mx\/partido\/alemania-vs-mexico-copa-confederaciones-2017\/127\/\" target=\"_blank\" rel=\"noopener noreferrer\"><strong>VER M\u00c1S: AS\u00cd SE VIVI\u00d3 |\u00a0Alemania 4-1 M\u00e9xico | Copa Confederaciones<\/strong><\/a><\/span><\/p>\n<p><strong>Bris Mat<\/strong> fue elegida como influencer, por el equipo digital de la <strong>Selecci\u00f3n Mexicana<\/strong> y <em>Banamex<\/em>, uno de los patrocinadores del <em>Tri<\/em>; en un concurso que realizaron ambas empresas. La joven, quien es aficionada de los <em>Tuzos<\/em>, tiene el sue\u00f1o de ser comentarista deportiva.<\/p>\n<p style=\"text-align: center;\"><span style=\"color: #3366ff;\"><a style=\"color: #3366ff;\" href=\"https:\/\/www.futboltotal.com.mx\/2017\/06\/fueraosorio-inunda-las-redes-sociales\/\" target=\"_blank\" rel=\"noopener noreferrer\"><strong>VER M\u00c1S: #FueraOsosrio se vuelve tendencia en redes sociales<\/strong><\/a><\/span><\/p>\n<div id=\"galleryY34\" style=\"display:none;\"><img alt=\"\" src=\"http:\/\/desarrollo.grupomedios.com\/futbol\/wp-content\/uploads\/2017\/06\/bris-mat-1.jpg\" data-image=\"http:\/\/desarrollo.grupomedios.com\/futbol\/wp-content\/uploads\/2017\/06\/bris-mat-1.jpg\" data-description=\"bris-mat-1\"><img alt=\"\" src=\"http:\/\/desarrollo.grupomedios.com\/futbol\/wp-content\/uploads\/2017\/06\/bris-mat-2.jpg\" data-image=\"http:\/\/desarrollo.grupomedios.com\/futbol\/wp-content\/uploads\/2017\/06\/bris-mat-2.jpg\" data-description=\"bris-mat-2\"><img alt=\"\" src=\"http:\/\/desarrollo.grupomedios.com\/futbol\/wp-content\/uploads\/2017\/06\/bris-mat-3.jpg\" data-image=\"http:\/\/desarrollo.grupomedios.com\/futbol\/wp-content\/uploads\/2017\/06\/bris-mat-3.jpg\" data-description=\"bris-mat-3\"><img alt=\"\" src=\"http:\/\/desarrollo.grupomedios.com\/futbol\/wp-content\/uploads\/2017\/06\/bris-mat-4.jpg\" data-image=\"http:\/\/desarrollo.grupomedios.com\/futbol\/wp-content\/uploads\/2017\/06\/bris-mat-4.jpg\" data-description=\"bris-mat-4\"><\/div>\n        <script>\n        \/\/galeria 1\n        jQuery(document).ready(function(){ \n            var api;\n            api = jQuery(\"#galleryY34\").unitegallery({\n                carousel_autoplay: false\n            }); \n        });\n        <\/script>\n        \n<blockquote class=\"twitter-video\" data-lang=\"es\">\n<p dir=\"ltr\" lang=\"es\">\u00bfQu\u00e9 hay para hacer en Adler? <\/p>\n<p>Una pista: \u00a1Hasta de surfista la tuvo que hacer <a href=\"https:\/\/twitter.com\/brismat95\">@brismat95<\/a>! <a href=\"https:\/\/twitter.com\/hashtag\/ElInfluencer?src=hash\">#ElInfluencer<\/a> <a href=\"https:\/\/twitter.com\/Citibanamex\">@Citibanamex<\/a> | <a href=\"https:\/\/twitter.com\/hashtag\/SomosM%C3%A9xico?src=hash\">#SomosM\u00e9xico<\/a> <a href=\"https:\/\/t.co\/SIttkvZuHe\">pic.twitter.com\/SIttkvZuHe<\/a><\/p>\n<p>\u2014 Selecci\u00f3n Nacional (@miseleccionmx) <a href=\"https:\/\/twitter.com\/miseleccionmx\/status\/880161387665776641\">28 de junio de 2017<\/a><\/p><\/blockquote>\n<p><script async src=\"\/\/platform.twitter.com\/widgets.js\" charset=\"utf-8\"><\/script><\/p>\n<p>La joven conductora no pudo mantener la misma postura neutral que otros trabajadores de la <strong>Selecci\u00f3n Mexicana<\/strong>, aunque cabe recordar que en Twitter, sin importar la camiseta que porte el personaje, toda opini\u00f3n, es personal.<\/p>\n<div id=\"galleryAmK\" style=\"display:none;\"><img alt=\"\" src=\"http:\/\/desarrollo.grupomedios.com\/futbol\/wp-content\/uploads\/2017\/06\/bris-mat-5.jpg\" data-image=\"http:\/\/desarrollo.grupomedios.com\/futbol\/wp-content\/uploads\/2017\/06\/bris-mat-5.jpg\" data-description=\"bris-mat-5\"><img alt=\"\" src=\"http:\/\/desarrollo.grupomedios.com\/futbol\/wp-content\/uploads\/2017\/06\/bris-mat-6.jpg\" data-image=\"http:\/\/desarrollo.grupomedios.com\/futbol\/wp-content\/uploads\/2017\/06\/bris-mat-6.jpg\" data-description=\"bris-mat-6\"><img alt=\"\" src=\"http:\/\/desarrollo.grupomedios.com\/futbol\/wp-content\/uploads\/2017\/06\/bris-mat-7.jpg\" data-image=\"http:\/\/desarrollo.grupomedios.com\/futbol\/wp-content\/uploads\/2017\/06\/bris-mat-7.jpg\" data-description=\"bris-mat-7\"><img alt=\"\" src=\"http:\/\/desarrollo.grupomedios.com\/futbol\/wp-content\/uploads\/2017\/06\/bris-mat.jpg\" data-image=\"http:\/\/desarrollo.grupomedios.com\/futbol\/wp-content\/uploads\/2017\/06\/bris-mat.jpg\" data-description=\"bris-mat\"><\/div>\n        <script>\n        \/\/galeria 1\n        jQuery(document).ready(function(){ \n            var api;\n            api = jQuery(\"#galleryAmK\").unitegallery({\n                carousel_autoplay: false\n            }); \n        });\n        <\/script>\n        \n<p style=\"text-align: center;\"><span style=\"color: #3366ff;\"><a style=\"color: #3366ff;\" href=\"https:\/\/www.futboltotal.com.mx\/2017\/06\/amberleigh-west-la-conejita-playboy-ama-al-veracruz\/\" target=\"_blank\" rel=\"noopener noreferrer\"><strong>VER M\u00c1S: Modelo de Playboy se enamora de los Tiburones del Veracruz<\/strong><\/a><\/span><\/p>\n<blockquote class=\"instagram-media\" style=\"background: #FFF; border: 0; border-radius: 3px; box-shadow: 0 0 1px 0 rgba(0,0,0,0.5),0 1px 10px 0 rgba(0,0,0,0.15); margin: 1px; max-width: 658px; padding: 0; width: calc(100% - 2px);\" data-instgrm-captioned=\"\" data-instgrm-version=\"7\">\n<div style=\"padding: 8px;\">\n<div style=\"background: #F8F8F8; line-height: 0; margin-top: 40px; padding: 28.26388888888889% 0; text-align: center; width: 100%;\"><\/div>\n<p style=\"margin: 8px 0 0 0; padding: 0 4px;\"><a style=\"color: #000; font-family: Arial,sans-serif; font-size: 14px; font-style: normal; font-weight: normal; line-height: 17px; text-decoration: none; word-wrap: break-word;\" href=\"https:\/\/www.instagram.com\/p\/BUS-YY9FpZH\/\" target=\"_blank\" rel=\"noopener noreferrer\">Once in a while blow your own damm mind  @jugotv<\/a><\/p>\n<p style=\"color: #c9c8cd; font-family: Arial,sans-serif; font-size: 14px; line-height: 17px; margin-bottom: 0; margin-top: 8px; overflow: hidden; padding: 8px 0 7px; text-align: center; text-overflow: ellipsis; white-space: nowrap;\">Una publicaci\u00f3n compartida de Bris\u26bd\ufe0f (@brismat) el <time style=\"font-family: Arial,sans-serif; font-size: 14px; line-height: 17px;\" datetime=\"2017-05-20T01:55:33+00:00\">19 de May de 2017 a la(s) 6:55 PDT<\/time><\/p>\n<\/div>\n<\/blockquote>\n<p><script async defer src=\"\/\/platform.instagram.com\/en_US\/embeds.js\"><\/script><\/p>\n<blockquote class=\"instagram-media\" style=\"background: #FFF; border: 0; border-radius: 3px; box-shadow: 0 0 1px 0 rgba(0,0,0,0.5),0 1px 10px 0 rgba(0,0,0,0.15); margin: 1px; max-width: 658px; padding: 0; width: calc(100% - 2px);\" data-instgrm-captioned=\"\" data-instgrm-version=\"7\">\n<div style=\"padding: 8px;\">\n<div style=\"background: #F8F8F8; line-height: 0; margin-top: 40px; padding: 50.0% 0; text-align: center; width: 100%;\"><\/div>\n<p style=\"margin: 8px 0 0 0; padding: 0 4px;\"><a style=\"color: #000; font-family: Arial,sans-serif; font-size: 14px; font-style: normal; font-weight: normal; line-height: 17px; text-decoration: none; word-wrap: break-word;\" href=\"https:\/\/www.instagram.com\/p\/BIl3nVJhxWz\/\" target=\"_blank\" rel=\"noopener noreferrer\">\u2600\ufe0f<\/a><\/p>\n<p style=\"color: #c9c8cd; font-family: Arial,sans-serif; font-size: 14px; line-height: 17px; margin-bottom: 0; margin-top: 8px; overflow: hidden; padding: 8px 0 7px; text-align: center; text-overflow: ellipsis; white-space: nowrap;\">Una publicaci\u00f3n compartida de Bris\u26bd\ufe0f (@brismat) el <time style=\"font-family: Arial,sans-serif; font-size: 14px; line-height: 17px;\" datetime=\"2016-08-02T03:45:16+00:00\">1 de Ago de 2016 a la(s) 8:45 PDT<\/time><\/p>\n<\/div>\n<\/blockquote>\n<p><script async defer src=\"\/\/platform.instagram.com\/en_US\/embeds.js\"><\/script><\/p>\n","protected":false},"excerpt":{"rendered":"<p>La imagen de redes de la Selecci\u00f3n Mexicana, no pudo contenerse y olvid\u00f3 la neutralidad.<\/p>\n","protected":false},"author":20,"featured_media":486049,"comment_status":"closed","ping_status":"closed","sticky":false,"template":"","format":"standard","meta":[],"categories":[5419,6408,2198,3,3847],"tags":[2033,142],"_links":{"self":[{"href":"http:\/\/desarrollo.grupomedios.com\/futbol\/wp-json\/wp\/v2\/posts\/486036"}],"collection":[{"href":"http:\/\/desarrollo.grupomedios.com\/futbol\/wp-json\/wp\/v2\/posts"}],"about":[{"href":"http:\/\/desarrollo.grupomedios.com\/futbol\/wp-json\/wp\/v2\/types\/post"}],"author":[{"embeddable":true,"href":"http:\/\/desarrollo.grupomedios.com\/futbol\/wp-json\/wp\/v2\/users\/20"}],"replies":[{"embeddable":true,"href":"http:\/\/desarrollo.grupomedios.com\/futbol\/wp-json\/wp\/v2\/comments?post=486036"}],"version-history":[{"count":1,"href":"http:\/\/desarrollo.grupomedios.com\/futbol\/wp-json\/wp\/v2\/posts\/486036\/revisions"}],"predecessor-version":[{"id":486050,"href":"http:\/\/desarrollo.grupomedios.com\/futbol\/wp-json\/wp\/v2\/posts\/486036\/revisions\/486050"}],"wp:featuredmedia":[{"embeddable":true,"href":"http:\/\/desarrollo.grupomedios.com\/futbol\/wp-json\/wp\/v2\/media\/486049"}],"wp:attachment":[{"href":"http:\/\/desarrollo.grupomedios.com\/futbol\/wp-json\/wp\/v2\/media?parent=486036"}],"wp:term":[{"taxonomy":"category","embeddable":true,"href":"http:\/\/desarrollo.grupomedios.com\/futbol\/wp-json\/wp\/v2\/categories?post=486036"},{"taxonomy":"post_tag","embeddable":true,"href":"http:\/\/desarrollo.grupomedios.com\/futbol\/wp-json\/wp\/v2\/tags?post=486036"}],"curies":[{"name":"wp","href":"https:\/\/api.w.org\/{rel}","templated":true}]}}