{"id":486095,"date":"2017-06-30T13:21:28","date_gmt":"2017-06-30T18:21:28","guid":{"rendered":"https:\/\/www.futboltotal.com.mx\/?p=486095"},"modified":"2017-06-30T13:21:28","modified_gmt":"2017-06-30T18:21:28","slug":"el-crack-retro-de-la-confederaciones-landon-donovan","status":"publish","type":"post","link":"http:\/\/desarrollo.grupomedios.com\/futbol\/videos\/el-crack-retro-de-la-confederaciones-landon-donovan\/2017\/06","title":{"rendered":"El Crack retro de la Confederaciones: Landon Donovan"},"content":{"rendered":"<p><span style=\"color: #000000;\"><span style=\"font-family: Arial;\"><span style=\"font-size: small;\"><span style=\"color: #333333;\"><span style=\"font-family: Arial, sans-serif;\"><strong>Landon Donovan<\/strong>, es el mejor jugador que ha dado <strong>Estados Unidos<\/strong> a lo largo de su historia, gracias a su t\u00e9cnica, visi\u00f3n, clase y contundencia, dotes que le valieron convertirse en el <em>Capit\u00e1n Am\u00e9rica<\/em>, demostrando su calidad en la<strong> Copa Confederaciones<\/strong>.<\/span><\/span><\/span><\/span><\/span><\/p>\n<p align=\"LEFT\"><span style=\"color: #000000;\"><span style=\"font-family: Arial;\"><span style=\"font-size: small;\"><span style=\"color: #333333;\"><span style=\"font-family: Arial, sans-serif;\">Con la selecci\u00f3n de las <em>Barras y las Estrellas<\/em> disput\u00f3 la <strong>Copa Confederaciones<\/strong> de 2003 y 2009. En la edici\u00f3n de 2003 <strong>EUA<\/strong> no pas\u00f3 de la fase de grupos, mientras que en 2009 se col\u00f3 a la final ante <strong>Brasil;<\/strong>\u00a0en aquel certamen,\u00a0<strong>Donovan<\/strong> marc\u00f3 dos tantos, uno ante <strong>Italia<\/strong> y el otro contra la <em>Canarinha. <\/em><\/span><\/span><\/span><\/span><\/span><\/p>\n<p><span style=\"color: #333333;\"><span style=\"font-family: Arial, sans-serif;\"><span style=\"font-size: small;\">Es por ello que en Futbol Total, recordamos al\u00a0ex futbolista estadounidense como una de las figuras del torneo. Aqu\u00ed te presentamos\u00a0<\/span><\/span><\/span><span style=\"font-size: small;\"><strong><span style=\"color: #333333;\"><span style=\"font-family: Arial, sans-serif;\">El Crack retro de la Confederaciones:\u00a0Landon Donovan.<\/span><\/span><\/strong><\/span><\/p>\n<p style=\"text-align: center;\"><a href=\"https:\/\/www.futboltotal.com.mx\/2017\/06\/bayer-leverkusen-apoya-orozco\/\" target=\"_blank\" rel=\"noopener noreferrer\"><span style=\"color: #333399;\">VER M\u00c1S:\u00a0Bayer Leverkusen tambi\u00e9n apoya al \u2018Cheque\u2019 Orozco<\/span><\/a><\/p>\n<p>[video_player]https:\/\/player.vimeo.com\/external\/223646532.hd.mp4?s=b5939984731981497a53206df1077c50ef9709f5&amp;profile_id=174[\/video_player]<\/p>\n","protected":false},"excerpt":{"rendered":"<p>Landon Donovan, el caballero de la Copa Confederaciones<\/p>\n","protected":false},"author":20,"featured_media":486111,"comment_status":"closed","ping_status":"closed","sticky":false,"template":"","format":"standard","meta":[],"categories":[3868,7570,3839,6382,4],"tags":[6009,1580,310,292,2557],"_links":{"self":[{"href":"http:\/\/desarrollo.grupomedios.com\/futbol\/wp-json\/wp\/v2\/posts\/486095"}],"collection":[{"href":"http:\/\/desarrollo.grupomedios.com\/futbol\/wp-json\/wp\/v2\/posts"}],"about":[{"href":"http:\/\/desarrollo.grupomedios.com\/futbol\/wp-json\/wp\/v2\/types\/post"}],"author":[{"embeddable":true,"href":"http:\/\/desarrollo.grupomedios.com\/futbol\/wp-json\/wp\/v2\/users\/20"}],"replies":[{"embeddable":true,"href":"http:\/\/desarrollo.grupomedios.com\/futbol\/wp-json\/wp\/v2\/comments?post=486095"}],"version-history":[{"count":6,"href":"http:\/\/desarrollo.grupomedios.com\/futbol\/wp-json\/wp\/v2\/posts\/486095\/revisions"}],"predecessor-version":[{"id":486194,"href":"http:\/\/desarrollo.grupomedios.com\/futbol\/wp-json\/wp\/v2\/posts\/486095\/revisions\/486194"}],"wp:featuredmedia":[{"embeddable":true,"href":"http:\/\/desarrollo.grupomedios.com\/futbol\/wp-json\/wp\/v2\/media\/486111"}],"wp:attachment":[{"href":"http:\/\/desarrollo.grupomedios.com\/futbol\/wp-json\/wp\/v2\/media?parent=486095"}],"wp:term":[{"taxonomy":"category","embeddable":true,"href":"http:\/\/desarrollo.grupomedios.com\/futbol\/wp-json\/wp\/v2\/categories?post=486095"},{"taxonomy":"post_tag","embeddable":true,"href":"http:\/\/desarrollo.grupomedios.com\/futbol\/wp-json\/wp\/v2\/tags?post=486095"}],"curies":[{"name":"wp","href":"https:\/\/api.w.org\/{rel}","templated":true}]}}