{"id":486142,"date":"2017-06-30T09:28:21","date_gmt":"2017-06-30T14:28:21","guid":{"rendered":"https:\/\/www.futboltotal.com.mx\/?p=486142"},"modified":"2017-06-30T09:28:49","modified_gmt":"2017-06-30T14:28:49","slug":"la-fina-indumentaria-estrenara-estados-unidos-en-copa-oro","status":"publish","type":"post","link":"http:\/\/desarrollo.grupomedios.com\/futbol\/futbol-internacional\/la-fina-indumentaria-estrenara-estados-unidos-en-copa-oro\/2017\/06","title":{"rendered":"La fina indumentaria que estrenar\u00e1 Estados Unidos en Copa Oro"},"content":{"rendered":"<p>El combinado de <strong>Estados Unidos<\/strong> tendr\u00eda presupuestado estrenar su nueva camiseta para la pr\u00f3xima <strong>Copa Oro 2017<\/strong> que est\u00e1 a nada de comenzar.<\/p>\n<p>El cuadro norteamericano tendr\u00eda una de sus indumentarias m\u00e1s elegantes de los \u00faltimos tiempos, de acuerdo a filtraciones realizadas por\u00a0<em>Footy Headlines<\/em>.<\/p>\n<p style=\"text-align: center;\"><span style=\"color: #333399;\"><a style=\"color: #333399;\" href=\"https:\/\/www.futboltotal.com.mx\/2017\/06\/inician-votaciones-balon-oro-liga-mx\/\" target=\"_blank\" rel=\"noopener noreferrer\">VER M\u00c1S: Inician votaciones para Bal\u00f3n de Oro de la Liga MX<\/a><\/span><\/p>\n<p>El sitio comparti\u00f3 fotograf\u00edas de\u00a0un jersey rojo con rayas azules, en estas, se pueden ver las estrellas caracter\u00edsticas de Estados Unidos, adem\u00e1s a los costados de los brazos, en las mangas llevar\u00e1 estrellas en blanco<\/p>\n<p>Esta nueva camiseta no ha sido confirmada por la <strong>selecci\u00f3n estadounidense<\/strong>, sin embargo, los usuarios en redes sociales se emocionaron por esta posible nueva camiseta.<\/p>\n<p style=\"text-align: center;\"><span style=\"color: #333399;\"><a style=\"color: #333399;\" href=\"https:\/\/www.futboltotal.com.mx\/2017\/06\/sueno-dirigir-a-chivas-adolfo-bautista\/\" target=\"_blank\" rel=\"noopener noreferrer\">VER M\u00c1S: Mi sue\u00f1o es dirigir a Chivas: Bofo Bautista<\/a><\/span><\/p>\n<p><a href=\"https:\/\/www.futboltotal.com.mx\/wp-content\/uploads\/2017\/06\/jersey-EU.jpg\"><img decoding=\"async\" loading=\"lazy\" class=\"alignnone size-full wp-image-486143\" src=\"https:\/\/www.futboltotal.com.mx\/wp-content\/uploads\/2017\/06\/jersey-EU.jpg\" alt=\"La fina indumentaria que estrenar\u00e1 Estados Unidos en Copa Oro 0\" srcset=\"http:\/\/desarrollo.grupomedios.com\/futbol\/wp-content\/uploads\/2017\/06\/jersey-EU.jpg 1600w, http:\/\/desarrollo.grupomedios.com\/futbol\/wp-content\/uploads\/2017\/06\/jersey-EU-150x150.jpg 150w, http:\/\/desarrollo.grupomedios.com\/futbol\/wp-content\/uploads\/2017\/06\/jersey-EU-300x300.jpg 300w, http:\/\/desarrollo.grupomedios.com\/futbol\/wp-content\/uploads\/2017\/06\/jersey-EU-768x768.jpg 768w, http:\/\/desarrollo.grupomedios.com\/futbol\/wp-content\/uploads\/2017\/06\/jersey-EU-1024x1024.jpg 1024w\" sizes=\"(max-width: 1600px) 100vw, 1600px\" \/><\/a><\/p>\n<p><a href=\"https:\/\/www.futboltotal.com.mx\/wp-content\/uploads\/2017\/06\/jersey-EU-2.jpg\"><img decoding=\"async\" loading=\"lazy\" class=\"alignnone size-full wp-image-486144\" src=\"https:\/\/www.futboltotal.com.mx\/wp-content\/uploads\/2017\/06\/jersey-EU-2.jpg\" alt=\"La fina indumentaria que estrenar\u00e1 Estados Unidos en Copa Oro 1\" srcset=\"http:\/\/desarrollo.grupomedios.com\/futbol\/wp-content\/uploads\/2017\/06\/jersey-EU-2.jpg 1600w, http:\/\/desarrollo.grupomedios.com\/futbol\/wp-content\/uploads\/2017\/06\/jersey-EU-2-150x150.jpg 150w, http:\/\/desarrollo.grupomedios.com\/futbol\/wp-content\/uploads\/2017\/06\/jersey-EU-2-300x300.jpg 300w, http:\/\/desarrollo.grupomedios.com\/futbol\/wp-content\/uploads\/2017\/06\/jersey-EU-2-768x768.jpg 768w, http:\/\/desarrollo.grupomedios.com\/futbol\/wp-content\/uploads\/2017\/06\/jersey-EU-2-1024x1024.jpg 1024w\" sizes=\"(max-width: 1600px) 100vw, 1600px\" \/><\/a><\/p>\n","protected":false},"excerpt":{"rendered":"<p>El cuadro de las barras y las estrellas tendr\u00e1 una nueva indumentaria para el torneo de Concacaf<\/p>\n","protected":false},"author":20,"featured_media":483124,"comment_status":"closed","ping_status":"closed","sticky":false,"template":"","format":"standard","meta":[],"categories":[3938,3839],"tags":[1934,310,1624],"_links":{"self":[{"href":"http:\/\/desarrollo.grupomedios.com\/futbol\/wp-json\/wp\/v2\/posts\/486142"}],"collection":[{"href":"http:\/\/desarrollo.grupomedios.com\/futbol\/wp-json\/wp\/v2\/posts"}],"about":[{"href":"http:\/\/desarrollo.grupomedios.com\/futbol\/wp-json\/wp\/v2\/types\/post"}],"author":[{"embeddable":true,"href":"http:\/\/desarrollo.grupomedios.com\/futbol\/wp-json\/wp\/v2\/users\/20"}],"replies":[{"embeddable":true,"href":"http:\/\/desarrollo.grupomedios.com\/futbol\/wp-json\/wp\/v2\/comments?post=486142"}],"version-history":[{"count":2,"href":"http:\/\/desarrollo.grupomedios.com\/futbol\/wp-json\/wp\/v2\/posts\/486142\/revisions"}],"predecessor-version":[{"id":486146,"href":"http:\/\/desarrollo.grupomedios.com\/futbol\/wp-json\/wp\/v2\/posts\/486142\/revisions\/486146"}],"wp:featuredmedia":[{"embeddable":true,"href":"http:\/\/desarrollo.grupomedios.com\/futbol\/wp-json\/wp\/v2\/media\/483124"}],"wp:attachment":[{"href":"http:\/\/desarrollo.grupomedios.com\/futbol\/wp-json\/wp\/v2\/media?parent=486142"}],"wp:term":[{"taxonomy":"category","embeddable":true,"href":"http:\/\/desarrollo.grupomedios.com\/futbol\/wp-json\/wp\/v2\/categories?post=486142"},{"taxonomy":"post_tag","embeddable":true,"href":"http:\/\/desarrollo.grupomedios.com\/futbol\/wp-json\/wp\/v2\/tags?post=486142"}],"curies":[{"name":"wp","href":"https:\/\/api.w.org\/{rel}","templated":true}]}}