{"id":486147,"date":"2017-06-30T09:43:44","date_gmt":"2017-06-30T14:43:44","guid":{"rendered":"https:\/\/www.futboltotal.com.mx\/?p=486147"},"modified":"2017-06-30T09:55:47","modified_gmt":"2017-06-30T14:55:47","slug":"mateus-uribe-se-pone-en-huelga-llegar-a-america","status":"publish","type":"post","link":"http:\/\/desarrollo.grupomedios.com\/futbol\/destacado-home\/mateus-uribe-se-pone-en-huelga-llegar-a-america\/2017\/06","title":{"rendered":"\u00a1Mateus Uribe se pone en huelga para llegar a Am\u00e9rica!"},"content":{"rendered":"<p><span style=\"color: #333399;\"><a style=\"color: #333399;\" href=\"https:\/\/www.futboltotal.com.mx\/2017\/06\/america-insiste-fichar-a-mateus-uribe-aumenta-oferta\/\" target=\"_blank\" rel=\"noopener noreferrer\">El posible refuerzo colombiano, <strong>Mateus Uribe<\/strong><\/a><\/span>, ha dejado de ir a entrenar con su club, <strong>Atl\u00e9tico Nacional<\/strong> desde el pasado mi\u00e9rcoles, pues su ilusi\u00f3n es recalar en M\u00e9xico con las \u00c1guilas del Am\u00e9rica.<\/p>\n<p>El volante estar\u00eda molesto por la forma en que se ha manejado su negociaci\u00f3n pues\u00a0la directiva lo ha tasado en casi <strong>7 millones de\u00a0d\u00f3lares<\/strong>, de acuerdo con el diario <em>R\u00e9cord<\/em>.<\/p>\n<p style=\"text-align: center;\"><span style=\"color: #333399;\"><a style=\"color: #333399;\" href=\"https:\/\/www.futboltotal.com.mx\/2017\/06\/fueraosorio-inunda-las-redes-sociales\/\" target=\"_blank\" rel=\"noopener noreferrer\">VER M\u00c1S: El #FueraOsorio inunda las redes sociales<\/a><\/span><\/p>\n<p>De acuerdo con la publicaci\u00f3n, <strong>Uribe<\/strong> ya mostr\u00f3 a la directiva su deseo de salir al extranjero y ha sido citado para definir su futuro.<\/p>\n<p>En primera instancia, los azulcremas pusieron sobre la mesa <strong>4\u00a0millones de d\u00f3lares<\/strong> para hacerse con los servicios del jugador, sin embargo, <strong>Atl\u00e9tico Nacional<\/strong> espera obtener m\u00e1s por el jugador. Por su parte, las \u00c1guilas s\u00f3lo aceptar\u00edan subir la oferta a <strong>6 millones de d\u00f3lares<\/strong>.<\/p>\n<p>En su momento, Am\u00e9rica <span style=\"color: #333399;\"><a style=\"color: #333399;\" href=\"https:\/\/www.futboltotal.com.mx\/2017\/06\/america-va-futbolista-colombiano\/\" target=\"_blank\" rel=\"noopener noreferrer\">ofreci\u00f3 como moneda de cambio al tambi\u00e9n colombiano, <strong>Darwin Quintero<\/strong><\/a><\/span>, sin embargo sali\u00f3 de la negociaci\u00f3n debido a que\u00a0es del inter\u00e9s del\u00a0<strong>Atl\u00e9tico Nacional.<\/strong><\/p>\n<p style=\"text-align: center;\"><span style=\"color: #333399;\"><a style=\"color: #333399;\" href=\"https:\/\/www.futboltotal.com.mx\/2017\/06\/boca-busca-a-dorlan-pabon-de-monterrey\/\" target=\"_blank\" rel=\"noopener noreferrer\">VER M\u00c1S: Dorlan Pab\u00f3n, en la mira de Boca Juniors<\/a><\/span><\/p>\n<p>&nbsp;<\/p>\n","protected":false},"excerpt":{"rendered":"<p>El futbolista colombiano quiere jugar en M\u00e9xico con las \u00c1guilas del Am\u00e9rica, sin embargo, su equipo pide m\u00e1s dinero<\/p>\n","protected":false},"author":20,"featured_media":485922,"comment_status":"closed","ping_status":"closed","sticky":false,"template":"","format":"standard","meta":[],"categories":[5,7740,2198,3845],"tags":[5959,2075,284,9184],"_links":{"self":[{"href":"http:\/\/desarrollo.grupomedios.com\/futbol\/wp-json\/wp\/v2\/posts\/486147"}],"collection":[{"href":"http:\/\/desarrollo.grupomedios.com\/futbol\/wp-json\/wp\/v2\/posts"}],"about":[{"href":"http:\/\/desarrollo.grupomedios.com\/futbol\/wp-json\/wp\/v2\/types\/post"}],"author":[{"embeddable":true,"href":"http:\/\/desarrollo.grupomedios.com\/futbol\/wp-json\/wp\/v2\/users\/20"}],"replies":[{"embeddable":true,"href":"http:\/\/desarrollo.grupomedios.com\/futbol\/wp-json\/wp\/v2\/comments?post=486147"}],"version-history":[{"count":2,"href":"http:\/\/desarrollo.grupomedios.com\/futbol\/wp-json\/wp\/v2\/posts\/486147\/revisions"}],"predecessor-version":[{"id":486150,"href":"http:\/\/desarrollo.grupomedios.com\/futbol\/wp-json\/wp\/v2\/posts\/486147\/revisions\/486150"}],"wp:featuredmedia":[{"embeddable":true,"href":"http:\/\/desarrollo.grupomedios.com\/futbol\/wp-json\/wp\/v2\/media\/485922"}],"wp:attachment":[{"href":"http:\/\/desarrollo.grupomedios.com\/futbol\/wp-json\/wp\/v2\/media?parent=486147"}],"wp:term":[{"taxonomy":"category","embeddable":true,"href":"http:\/\/desarrollo.grupomedios.com\/futbol\/wp-json\/wp\/v2\/categories?post=486147"},{"taxonomy":"post_tag","embeddable":true,"href":"http:\/\/desarrollo.grupomedios.com\/futbol\/wp-json\/wp\/v2\/tags?post=486147"}],"curies":[{"name":"wp","href":"https:\/\/api.w.org\/{rel}","templated":true}]}}