{"id":486149,"date":"2017-06-30T09:59:15","date_gmt":"2017-06-30T14:59:15","guid":{"rendered":"https:\/\/www.futboltotal.com.mx\/?p=486149"},"modified":"2017-06-30T09:59:15","modified_gmt":"2017-06-30T14:59:15","slug":"deje-disfrutar-futbol-chuletita-orozco","status":"publish","type":"post","link":"http:\/\/desarrollo.grupomedios.com\/futbol\/futbol-mexicano\/deje-disfrutar-futbol-chuletita-orozco\/2017\/06","title":{"rendered":"Dej\u00e9 de disfrutar el futbol: Chuletita Orozco"},"content":{"rendered":"<p>El futbolista de\u00a0la\u00a0<b>Jaiba Brava<\/b>\u00a0en la Liga de Ascenso MX,<b>\u00a0Javier &#8216;Chuletita&#8217; Orozco<\/b>, indic\u00f3 que ya no disfrutaba del futbol durante su paso por <strong>Chiapas FC<\/strong> y <strong>Veracruz.<\/strong><\/p>\n<blockquote><p>\u201c<b>Dej\u00e9 de disfrutar<\/b>\u00a0muchas cosas, tuve un a\u00f1o malo. Ya no estaba jugando; todo es un complemento, los entrenadores que te tocan, los equipos, batallar mucho con much\u00edsimos jugadores\u201d, dijo\u00a0en una entrevista para <em>Mediotiempo<\/em>.<\/p><\/blockquote>\n<p style=\"text-align: center;\"><span style=\"color: #333399;\"><a style=\"color: #333399;\" href=\"https:\/\/www.futboltotal.com.mx\/2017\/06\/xolos-anuncia-llegada-luis-mendoza\/\" target=\"_blank\" rel=\"noopener noreferrer\">VER M\u00c1S: Xolos le da otra oportunidad a &#8216;Quick&#8217; Mendoza<\/a><\/span><\/p>\n<p>El delantero mexicano indic\u00f3 que su situaci\u00f3n se complic\u00f3 por los equipos en los que milit\u00f3, aunado al\u00a0gran n\u00famero de elementos para competir por un lugar, los entrenadores; estos factores lo obligaron a mantenerse fuera de su mejor nivel y le quitaron las ganas por jugar.<\/p>\n<blockquote><p>\u201cQuiero volver a trascender y salir adelante con lo m\u00edo, disfrutar del futbol porque ya no lo estaba haciendo y eso era malo.\u00a0Me estaba quemando por dentro por jugar\u00a0y no lo hac\u00eda, no me dieron la oportunidad, es obvio que algo dejas de hacer, si te duermes un poquito, el otro llega y te come, a lo mejor eso me pas\u00f3\u201d, expres\u00f3 <strong>Orozco<\/strong>.<\/p><\/blockquote>\n<p style=\"text-align: center;\"><span style=\"color: #333399;\"><a style=\"color: #333399;\" href=\"https:\/\/www.futboltotal.com.mx\/2017\/06\/torres-nilo-habla-de-su-salida-del-tri-copa-oro\/\" target=\"_blank\" rel=\"noopener noreferrer\">VER M\u00c1S: Torres Nilo habla sobre su salida de Copa Oro<\/a><\/span><\/p>\n<p>&nbsp;<\/p>\n","protected":false},"excerpt":{"rendered":"<p>El delantero mexicano hab\u00eda perdido toda motivaci\u00f3n en el \u00faltimo a\u00f1o que milit\u00f3 en Chiapas FC y Veracruz para la Liga MX<\/p>\n","protected":false},"author":20,"featured_media":401520,"comment_status":"closed","ping_status":"closed","sticky":false,"template":"","format":"standard","meta":[],"categories":[3843,2198],"tags":[2372,9201,629,7076],"_links":{"self":[{"href":"http:\/\/desarrollo.grupomedios.com\/futbol\/wp-json\/wp\/v2\/posts\/486149"}],"collection":[{"href":"http:\/\/desarrollo.grupomedios.com\/futbol\/wp-json\/wp\/v2\/posts"}],"about":[{"href":"http:\/\/desarrollo.grupomedios.com\/futbol\/wp-json\/wp\/v2\/types\/post"}],"author":[{"embeddable":true,"href":"http:\/\/desarrollo.grupomedios.com\/futbol\/wp-json\/wp\/v2\/users\/20"}],"replies":[{"embeddable":true,"href":"http:\/\/desarrollo.grupomedios.com\/futbol\/wp-json\/wp\/v2\/comments?post=486149"}],"version-history":[{"count":1,"href":"http:\/\/desarrollo.grupomedios.com\/futbol\/wp-json\/wp\/v2\/posts\/486149\/revisions"}],"predecessor-version":[{"id":486152,"href":"http:\/\/desarrollo.grupomedios.com\/futbol\/wp-json\/wp\/v2\/posts\/486149\/revisions\/486152"}],"wp:featuredmedia":[{"embeddable":true,"href":"http:\/\/desarrollo.grupomedios.com\/futbol\/wp-json\/wp\/v2\/media\/401520"}],"wp:attachment":[{"href":"http:\/\/desarrollo.grupomedios.com\/futbol\/wp-json\/wp\/v2\/media?parent=486149"}],"wp:term":[{"taxonomy":"category","embeddable":true,"href":"http:\/\/desarrollo.grupomedios.com\/futbol\/wp-json\/wp\/v2\/categories?post=486149"},{"taxonomy":"post_tag","embeddable":true,"href":"http:\/\/desarrollo.grupomedios.com\/futbol\/wp-json\/wp\/v2\/tags?post=486149"}],"curies":[{"name":"wp","href":"https:\/\/api.w.org\/{rel}","templated":true}]}}