{"id":486153,"date":"2017-06-30T10:09:56","date_gmt":"2017-06-30T15:09:56","guid":{"rendered":"https:\/\/www.futboltotal.com.mx\/?p=486153"},"modified":"2017-06-30T10:09:56","modified_gmt":"2017-06-30T15:09:56","slug":"coudet-confirma-dos-nuevas-altas-xolos","status":"publish","type":"post","link":"http:\/\/desarrollo.grupomedios.com\/futbol\/futbol-mexicano\/coudet-confirma-dos-nuevas-altas-xolos\/2017\/06","title":{"rendered":"Coudet confirma dos nuevas altas para Xolos"},"content":{"rendered":"<p>El entrenador de los <strong>Xolos<\/strong> de <strong>Tijuana<\/strong>,\u00a0<b>Eduardo Coudet,\u00a0<\/b>confirm\u00f3 que los sudamericanos\u00a0<b>Dami\u00e1n Musto<\/b>\u00a0y<b>\u00a0Mat\u00edas Aguirregaray<\/b>, se incorporar\u00e1n la pr\u00f3xima semana para la pretemporada del conjunto fronterizo.<\/p>\n<blockquote><p>&#8220;La semana que viene estar\u00eda llegando <strong>Dami\u00e1n Musto<\/strong>, estar\u00eda llegando <strong>Mat\u00edas Aguirregaray<\/strong> y bueno por ahora son los dos jugadores que faltan de incorporarse, as\u00ed que nos tendr\u00edamos de completar salvo que aparezca alguna otra posibilidad o alguna otra negociaci\u00f3n, pero ya estar\u00edamos pr\u00e1cticamente completos&#8221;, asegur\u00f3 <strong>Eduardo Coudet<\/strong>.<\/p><\/blockquote>\n<p style=\"text-align: center;\"><span style=\"color: #333399;\"><a style=\"color: #333399;\" href=\"https:\/\/www.futboltotal.com.mx\/2017\/06\/mateus-uribe-se-pone-en-huelga-llegar-a-america\/\" target=\"_blank\" rel=\"noopener noreferrer\">VER M\u00c1S: Colombiano hace &#8216;huelga&#8217; para llegar al Am\u00e9rica<\/a><\/span><\/p>\n<p>Por otro lado, confirm\u00f3 que en los casos de\u00a0<b>Jorge &#8216;Marciano&#8217; Ort\u00edz<\/b>\u00a0y\u00a0<b>Dil\u00e1n Nicoletti\u00a0<\/b>estar\u00edan fuera del plantel.<\/p>\n<p>&#8220;Lo de <strong>Jorge Ort\u00edz<\/strong> creo que lo m\u00e1s seguro es que continua su carrera en otro lado, no s\u00e9 d\u00f3nde pero s\u00e9 que existe la posibilidad de <strong>Belgrano<\/strong> tambi\u00e9n, y lo de <strong>Nicoletti<\/strong> porque decid\u00ed incorporar otro arquero, ha llegado <strong>To\u00f1o<\/strong> y bueno, estamos cubiertos&#8221;, concluy\u00f3.<\/p>\n<p style=\"text-align: center;\"><span style=\"color: #333399;\"><a style=\"color: #333399;\" href=\"https:\/\/www.futboltotal.com.mx\/2017\/06\/la-fina-indumentaria-estrenara-estados-unidos-en-copa-oro\/\" target=\"_blank\" rel=\"noopener noreferrer\">VER M\u00c1S: La hermosa indumentaria de Estados Unidos para Copa Oro<\/a><\/span><\/p>\n","protected":false},"excerpt":{"rendered":"<p>El cuadro fronterizo completar\u00e1 su cuadro de cara al Apertura 2017 con dos futbolistas provenientes de Sudam\u00e9rica<\/p>\n","protected":false},"author":20,"featured_media":480932,"comment_status":"closed","ping_status":"closed","sticky":false,"template":"","format":"standard","meta":[],"categories":[2198,3845],"tags":[8357,64,5974,1673],"_links":{"self":[{"href":"http:\/\/desarrollo.grupomedios.com\/futbol\/wp-json\/wp\/v2\/posts\/486153"}],"collection":[{"href":"http:\/\/desarrollo.grupomedios.com\/futbol\/wp-json\/wp\/v2\/posts"}],"about":[{"href":"http:\/\/desarrollo.grupomedios.com\/futbol\/wp-json\/wp\/v2\/types\/post"}],"author":[{"embeddable":true,"href":"http:\/\/desarrollo.grupomedios.com\/futbol\/wp-json\/wp\/v2\/users\/20"}],"replies":[{"embeddable":true,"href":"http:\/\/desarrollo.grupomedios.com\/futbol\/wp-json\/wp\/v2\/comments?post=486153"}],"version-history":[{"count":1,"href":"http:\/\/desarrollo.grupomedios.com\/futbol\/wp-json\/wp\/v2\/posts\/486153\/revisions"}],"predecessor-version":[{"id":486154,"href":"http:\/\/desarrollo.grupomedios.com\/futbol\/wp-json\/wp\/v2\/posts\/486153\/revisions\/486154"}],"wp:featuredmedia":[{"embeddable":true,"href":"http:\/\/desarrollo.grupomedios.com\/futbol\/wp-json\/wp\/v2\/media\/480932"}],"wp:attachment":[{"href":"http:\/\/desarrollo.grupomedios.com\/futbol\/wp-json\/wp\/v2\/media?parent=486153"}],"wp:term":[{"taxonomy":"category","embeddable":true,"href":"http:\/\/desarrollo.grupomedios.com\/futbol\/wp-json\/wp\/v2\/categories?post=486153"},{"taxonomy":"post_tag","embeddable":true,"href":"http:\/\/desarrollo.grupomedios.com\/futbol\/wp-json\/wp\/v2\/tags?post=486153"}],"curies":[{"name":"wp","href":"https:\/\/api.w.org\/{rel}","templated":true}]}}