{"id":486164,"date":"2017-06-30T10:58:03","date_gmt":"2017-06-30T15:58:03","guid":{"rendered":"https:\/\/www.futboltotal.com.mx\/?p=486164"},"modified":"2017-06-30T10:59:40","modified_gmt":"2017-06-30T15:59:40","slug":"chivas-se-divorcia-este-patrocinador","status":"publish","type":"post","link":"http:\/\/desarrollo.grupomedios.com\/futbol\/futbol-mexicano\/chivas-se-divorcia-este-patrocinador\/2017\/06","title":{"rendered":"Chivas se &#8216;divorcia&#8217; de este patrocinador"},"content":{"rendered":"<p>A trav\u00e9s de un comunicado las <strong>Chivas<\/strong> de <strong>Guadalajara<\/strong> dio a conocer a trav\u00e9s de un comunicado que termin\u00f3 su relaci\u00f3n comercial con <strong>Bimbo<\/strong>.<\/p>\n<blockquote><p>&#8220;Por este medio, el <strong>Club Deportivo Guadalajara<\/strong> hace de su conocimiento que ha llegado a un acuerdo con <strong>Bimbo<\/strong> para concluir la relaci\u00f3n que tuvimos por m\u00e1s de 10 a\u00f1os sin que exista disputa o controversia pendiente por resolverse entre ambas partes&#8221;, estableci\u00f3 el comunicado.<\/p><\/blockquote>\n<p style=\"text-align: center;\"><span style=\"color: #333399;\"><a style=\"color: #333399;\" href=\"https:\/\/www.futboltotal.com.mx\/2017\/06\/mateus-uribe-se-pone-en-huelga-llegar-a-america\/\" target=\"_blank\" rel=\"noopener noreferrer\">VER M\u00c1S: El colombiano que hace &#8216;huelga&#8217; para jugar en Am\u00e9rica<\/a><\/span><\/p>\n<p><strong>Jos\u00e9 Luis Higuera<\/strong>, CEO de <strong>Chivas<\/strong>, indic\u00f3 que con esto hab\u00eda &#8220;un problema menos en <strong>Chivas<\/strong>&#8220;, en sus redes sociales.<\/p>\n<p>En diciembre de 2016, <strong>Grupo Bimbo<\/strong> hab\u00eda demandado al\u00a0<strong>Club Deportivo Guadalajara SA de CV<\/strong> por <strong>20 millones de d\u00f3lares<\/strong>, debido al incumplimiento de contrato por la publicidad en la playera.<\/p>\n<p>La demanda se hab\u00eda presentado porque <strong>Chivas<\/strong>\u00a0habr\u00eda cobrado los<strong> 17 millones 305 mil d\u00f3lares<\/strong> m\u00e1s IVA del contrato de publicidad.<\/p>\n<p>El contrato firmado en 2011, establec\u00eda que ten\u00eda una vigencia de 5 a\u00f1os\u00a0para tener su publicidad al frente de la playera de <strong>Chivas<\/strong>, el logotipo dej\u00f3 de aparecer\u00a0para el Apertura 2016 y Clausura 2017.<\/p>\n<p style=\"text-align: center;\"><span style=\"color: #333399;\"><a style=\"color: #333399;\" href=\"https:\/\/www.futboltotal.com.mx\/2017\/06\/partido-fue-triste-estamos-orgullosos-chicharito\/\" target=\"_blank\" rel=\"noopener noreferrer\">VER M\u00c1S: El partido ante Alemania fue muy triste: Chicharito<\/a><\/span><\/p>\n<blockquote class=\"twitter-tweet\" data-width=\"500\">\n<p lang=\"es\" dir=\"ltr\">Un problema menos En <a href=\"https:\/\/twitter.com\/Chivas\">@Chivas<\/a> !!!! &#8230;&#8230; Seguimos!!! <a href=\"https:\/\/t.co\/l1IBoNZV0A\">https:\/\/t.co\/l1IBoNZV0A<\/a><\/p>\n<p>&mdash; Jose Luis Higuera B. (@JLHB33) <a href=\"https:\/\/twitter.com\/JLHB33\/status\/880780482694307840\">June 30, 2017<\/a><\/p><\/blockquote>\n<p><script async src=\"\/\/platform.twitter.com\/widgets.js\" charset=\"utf-8\"><\/script><\/p>\n","protected":false},"excerpt":{"rendered":"<p>El cuadro rojiblanco indic\u00f3 que debido a los problemas legales que se presentaron, tuvieron que terminar la relaci\u00f3n<\/p>\n","protected":false},"author":20,"featured_media":479293,"comment_status":"closed","ping_status":"closed","sticky":false,"template":"","format":"standard","meta":[],"categories":[2198,3845],"tags":[4558,70,5963,7368],"_links":{"self":[{"href":"http:\/\/desarrollo.grupomedios.com\/futbol\/wp-json\/wp\/v2\/posts\/486164"}],"collection":[{"href":"http:\/\/desarrollo.grupomedios.com\/futbol\/wp-json\/wp\/v2\/posts"}],"about":[{"href":"http:\/\/desarrollo.grupomedios.com\/futbol\/wp-json\/wp\/v2\/types\/post"}],"author":[{"embeddable":true,"href":"http:\/\/desarrollo.grupomedios.com\/futbol\/wp-json\/wp\/v2\/users\/20"}],"replies":[{"embeddable":true,"href":"http:\/\/desarrollo.grupomedios.com\/futbol\/wp-json\/wp\/v2\/comments?post=486164"}],"version-history":[{"count":1,"href":"http:\/\/desarrollo.grupomedios.com\/futbol\/wp-json\/wp\/v2\/posts\/486164\/revisions"}],"predecessor-version":[{"id":486167,"href":"http:\/\/desarrollo.grupomedios.com\/futbol\/wp-json\/wp\/v2\/posts\/486164\/revisions\/486167"}],"wp:featuredmedia":[{"embeddable":true,"href":"http:\/\/desarrollo.grupomedios.com\/futbol\/wp-json\/wp\/v2\/media\/479293"}],"wp:attachment":[{"href":"http:\/\/desarrollo.grupomedios.com\/futbol\/wp-json\/wp\/v2\/media?parent=486164"}],"wp:term":[{"taxonomy":"category","embeddable":true,"href":"http:\/\/desarrollo.grupomedios.com\/futbol\/wp-json\/wp\/v2\/categories?post=486164"},{"taxonomy":"post_tag","embeddable":true,"href":"http:\/\/desarrollo.grupomedios.com\/futbol\/wp-json\/wp\/v2\/tags?post=486164"}],"curies":[{"name":"wp","href":"https:\/\/api.w.org\/{rel}","templated":true}]}}