{"id":486221,"date":"2017-06-30T15:23:43","date_gmt":"2017-06-30T20:23:43","guid":{"rendered":"https:\/\/www.futboltotal.com.mx\/?p=486221"},"modified":"2017-06-30T15:23:43","modified_gmt":"2017-06-30T20:23:43","slug":"matias-vuoso-ve-cerca-retiro","status":"publish","type":"post","link":"http:\/\/desarrollo.grupomedios.com\/futbol\/futbol-mexicano\/matias-vuoso-ve-cerca-retiro\/2017\/06","title":{"rendered":"Mat\u00edas Vuoso ve muy cerca el retiro"},"content":{"rendered":"<p>El delantero argentino naturalizado mexicano, <strong>Mat\u00edas Vuoso<\/strong>, podr\u00eda colgar los botines pr\u00f3ximamente; pues ya quiere dedicarle m\u00e1s tiempo a su familia, que a las canchas, donde ya no lo buscan.<\/p>\n<p><strong>Mat\u00edas Vuoso<\/strong> jug\u00f3 en el Ascenso MX durante el Clausura 2017, con los Correcaminos de la UAT, pero tras concluir la campa\u00f1a, se qued\u00f3 sin equipo y no pudo fichar durante el Draft; as\u00ed que su adi\u00f3s a las canchas estar\u00eda muy cerca, en el caso de que no logre encontrar un club, en el extranjero.<\/p>\n<p style=\"text-align: center;\"><span style=\"color: #3366ff;\"><a style=\"color: #3366ff;\" href=\"https:\/\/www.futboltotal.com.mx\/2017\/06\/le-roban-fichaje-estelar-a-pumas\/\" target=\"_blank\" rel=\"noopener noreferrer\"><strong>VER M\u00c1S: Pumas ya sabe si puede fichar a Isaac Cuenca<\/strong><\/a><\/span><\/p>\n<p>\u201cEstoy en veremos si sale algo, pero hoy disfruto a la familia, esos momentos que no tienes cuando est\u00e1s en el deporte. Obviamente en M\u00e9xico ya no agarr\u00e9 y espero que salga algo; si no la verdad estoy tranquilo y muy a gusto con mi familia\u201d, explic\u00f3 <strong>Mat\u00edas Vuoso<\/strong> en charla con <em>Medio Tiempo<\/em>.<\/p>\n<p>El<em> Toro<\/em> jug\u00f3 para cinco equipos de Liga MX: Am\u00e9rica, Atlas, Chiapas, Cruz Azul y Santos; el \u00faltimo fue con el que mejor pudo sobresalir y hasta ser campe\u00f3n. Tambi\u00e9n jug\u00f3 con la <span style=\"color: #ff0000;\"><a style=\"color: #ff0000;\" href=\"http:\/\/futboltotal.com.mx\/futbol-mexicano\/seleccion-mexicana\/\" target=\"_blank\" rel=\"noopener noreferrer\">Selecci\u00f3n Mexicana<\/a><\/span>, donde anot\u00f3 goles que le dieron vida al<em> Tri<\/em>, en distintas competencias.<\/p>\n<p style=\"text-align: center;\"><span style=\"color: #3366ff;\"><a style=\"color: #3366ff;\" href=\"https:\/\/www.futboltotal.com.mx\/2017\/06\/cruz-azul-esta-cerrar-fichaje-del-espanol-edgar-mendez\/\" target=\"_blank\" rel=\"noopener noreferrer\"><strong>VER M\u00c1S: Cruz Azul, cerca de fichar a un espa\u00f1ol<\/strong><\/a><\/span><\/p>\n","protected":false},"excerpt":{"rendered":"<p>El delantero mexico-argentino podr\u00eda anunciar su adi\u00f3s, muy pronto.<\/p>\n","protected":false},"author":20,"featured_media":486222,"comment_status":"closed","ping_status":"closed","sticky":false,"template":"","format":"standard","meta":[],"categories":[2198,3845],"tags":[64,331],"_links":{"self":[{"href":"http:\/\/desarrollo.grupomedios.com\/futbol\/wp-json\/wp\/v2\/posts\/486221"}],"collection":[{"href":"http:\/\/desarrollo.grupomedios.com\/futbol\/wp-json\/wp\/v2\/posts"}],"about":[{"href":"http:\/\/desarrollo.grupomedios.com\/futbol\/wp-json\/wp\/v2\/types\/post"}],"author":[{"embeddable":true,"href":"http:\/\/desarrollo.grupomedios.com\/futbol\/wp-json\/wp\/v2\/users\/20"}],"replies":[{"embeddable":true,"href":"http:\/\/desarrollo.grupomedios.com\/futbol\/wp-json\/wp\/v2\/comments?post=486221"}],"version-history":[{"count":1,"href":"http:\/\/desarrollo.grupomedios.com\/futbol\/wp-json\/wp\/v2\/posts\/486221\/revisions"}],"predecessor-version":[{"id":486223,"href":"http:\/\/desarrollo.grupomedios.com\/futbol\/wp-json\/wp\/v2\/posts\/486221\/revisions\/486223"}],"wp:featuredmedia":[{"embeddable":true,"href":"http:\/\/desarrollo.grupomedios.com\/futbol\/wp-json\/wp\/v2\/media\/486222"}],"wp:attachment":[{"href":"http:\/\/desarrollo.grupomedios.com\/futbol\/wp-json\/wp\/v2\/media?parent=486221"}],"wp:term":[{"taxonomy":"category","embeddable":true,"href":"http:\/\/desarrollo.grupomedios.com\/futbol\/wp-json\/wp\/v2\/categories?post=486221"},{"taxonomy":"post_tag","embeddable":true,"href":"http:\/\/desarrollo.grupomedios.com\/futbol\/wp-json\/wp\/v2\/tags?post=486221"}],"curies":[{"name":"wp","href":"https:\/\/api.w.org\/{rel}","templated":true}]}}