{"id":486233,"date":"2017-06-30T16:27:16","date_gmt":"2017-06-30T21:27:16","guid":{"rendered":"https:\/\/www.futboltotal.com.mx\/?p=486233"},"modified":"2017-06-30T16:27:16","modified_gmt":"2017-06-30T21:27:16","slug":"unico-futbolista-la-liga-mx-estara-en-la-boda-messi","status":"publish","type":"post","link":"http:\/\/desarrollo.grupomedios.com\/futbol\/cambio-de-juego\/unico-futbolista-la-liga-mx-estara-en-la-boda-messi\/2017\/06","title":{"rendered":"El \u00fanico futbolista de la Liga MX que estar\u00e1 en la boda de Messi"},"content":{"rendered":"<p>El jugador de argentino de <strong>Tigres<\/strong>,\u00a0<b>Nahuel Guzm\u00e1n,\u00a0<\/b>recibi\u00f3 un permiso especial para abandonar la pretemporada del club felino y viajo directo a Rosario, Argentina para estar presente como invitado en la boda de <strong>Lionel Messi<\/strong>.<\/p>\n<p style=\"text-align: center;\"><span style=\"color: #333399;\"><a style=\"color: #333399;\" href=\"https:\/\/www.futboltotal.com.mx\/2017\/06\/josecarlos-van-rankin-capitan-pumas-en-apertura-2017\/\" target=\"_blank\" rel=\"noopener noreferrer\">VER M\u00c1S: Van Rankin, nuevo capit\u00e1n de Pumas<\/a><\/span><\/p>\n<p>Ambos futbolistas han compartido la cancha representando a la <strong>Selecci\u00f3n de Argentina<\/strong>, por lo que <strong>Nahuel<\/strong> estar\u00e1 presente en el Casino City Center, lugar donde se llevar\u00e1 a cabo donde ser\u00e1 la ceremonia civil.<\/p>\n<p>Sin embargo, cuando finalice la ceremonia, <strong>Guzm\u00e1n<\/strong> deber\u00e1 reportarse de vuelta con el cuadro de <strong>Tigres<\/strong>, la cual se est\u00e1 llevando a cabo en la Riviera Maya.<\/p>\n<p style=\"text-align: center;\"><span style=\"color: #333399;\"><a style=\"color: #333399;\" href=\"https:\/\/www.futboltotal.com.mx\/2017\/06\/luis-montes-suena-llegar-al-futbol-argentino\/\" target=\"_blank\" rel=\"noopener noreferrer\">VER M\u00c1S: Luis Montes dejar\u00eda al Le\u00f3n para llegar al futbol argentino<\/a><\/span><\/p>\n<div class=\"body is-zoomable\">\n<p>&nbsp;<\/p>\n<\/div>\n","protected":false},"excerpt":{"rendered":"<p>El futbolista argentino que en este momento juega en la liga mexicana ha compartido la cancha con el astro argentino<\/p>\n","protected":false},"author":20,"featured_media":403075,"comment_status":"closed","ping_status":"closed","sticky":false,"template":"","format":"standard","meta":[],"categories":[5419],"tags":[5996,6012,6129,5973],"_links":{"self":[{"href":"http:\/\/desarrollo.grupomedios.com\/futbol\/wp-json\/wp\/v2\/posts\/486233"}],"collection":[{"href":"http:\/\/desarrollo.grupomedios.com\/futbol\/wp-json\/wp\/v2\/posts"}],"about":[{"href":"http:\/\/desarrollo.grupomedios.com\/futbol\/wp-json\/wp\/v2\/types\/post"}],"author":[{"embeddable":true,"href":"http:\/\/desarrollo.grupomedios.com\/futbol\/wp-json\/wp\/v2\/users\/20"}],"replies":[{"embeddable":true,"href":"http:\/\/desarrollo.grupomedios.com\/futbol\/wp-json\/wp\/v2\/comments?post=486233"}],"version-history":[{"count":1,"href":"http:\/\/desarrollo.grupomedios.com\/futbol\/wp-json\/wp\/v2\/posts\/486233\/revisions"}],"predecessor-version":[{"id":486234,"href":"http:\/\/desarrollo.grupomedios.com\/futbol\/wp-json\/wp\/v2\/posts\/486233\/revisions\/486234"}],"wp:featuredmedia":[{"embeddable":true,"href":"http:\/\/desarrollo.grupomedios.com\/futbol\/wp-json\/wp\/v2\/media\/403075"}],"wp:attachment":[{"href":"http:\/\/desarrollo.grupomedios.com\/futbol\/wp-json\/wp\/v2\/media?parent=486233"}],"wp:term":[{"taxonomy":"category","embeddable":true,"href":"http:\/\/desarrollo.grupomedios.com\/futbol\/wp-json\/wp\/v2\/categories?post=486233"},{"taxonomy":"post_tag","embeddable":true,"href":"http:\/\/desarrollo.grupomedios.com\/futbol\/wp-json\/wp\/v2\/tags?post=486233"}],"curies":[{"name":"wp","href":"https:\/\/api.w.org\/{rel}","templated":true}]}}