{"id":486235,"date":"2017-06-30T17:02:47","date_gmt":"2017-06-30T22:02:47","guid":{"rendered":"https:\/\/www.futboltotal.com.mx\/?p=486235"},"modified":"2017-06-30T17:02:47","modified_gmt":"2017-06-30T22:02:47","slug":"maravillas-gimenez-guzman-fichaje-iberico-cruz-azul","status":"publish","type":"post","link":"http:\/\/desarrollo.grupomedios.com\/futbol\/galerias\/maravillas-gimenez-guzman-fichaje-iberico-cruz-azul\/2017\/06","title":{"rendered":"Maravillas Gim\u00e9nez Guzm\u00e1n, el otro fichaje ib\u00e9rico de Cruz Azul"},"content":{"rendered":"<p>Cruz Azul est\u00e1 a nada de concretar el fichaje del futbolista \u00c9dgar M\u00e9ndez, quien tiene una relaci\u00f3n con <strong>Maravillas Gim\u00e9nez Guzm\u00e1n<\/strong>, una bailarina espa\u00f1ola que se especializa en Danza Cl\u00e1sica, y a la que podr\u00edamos ver en los estadios de la Liga MX, con el arribo del refuerzo celeste.<\/p>\n<p style=\"text-align: center;\"><span style=\"color: #3366ff;\"><a style=\"color: #3366ff;\" href=\"https:\/\/www.futboltotal.com.mx\/2017\/06\/unico-futbolista-la-liga-mx-estara-en-la-boda-messi\/\" target=\"_blank\" rel=\"noopener noreferrer\"><strong>VER M\u00c1S: El \u00fanico jugador de Liga MX que fue invitado a boda de Messi<\/strong><\/a><\/span><\/p>\n<div id=\"gallerypjk\" style=\"display:none;\"><img alt=\"\" src=\"http:\/\/desarrollo.grupomedios.com\/futbol\/wp-content\/uploads\/2017\/06\/maravillas-gimenez.jpg\" data-image=\"http:\/\/desarrollo.grupomedios.com\/futbol\/wp-content\/uploads\/2017\/06\/maravillas-gimenez.jpg\" data-description=\"maravillas-gimenez\"><img alt=\"\" src=\"http:\/\/desarrollo.grupomedios.com\/futbol\/wp-content\/uploads\/2017\/06\/maravillas-gimenez-1.jpg\" data-image=\"http:\/\/desarrollo.grupomedios.com\/futbol\/wp-content\/uploads\/2017\/06\/maravillas-gimenez-1.jpg\" data-description=\"maravillas-gimenez-1\"><img alt=\"\" src=\"http:\/\/desarrollo.grupomedios.com\/futbol\/wp-content\/uploads\/2017\/06\/maravillas-gimenez-2.jpg\" data-image=\"http:\/\/desarrollo.grupomedios.com\/futbol\/wp-content\/uploads\/2017\/06\/maravillas-gimenez-2.jpg\" data-description=\"maravillas-gimenez-2\"><img alt=\"\" src=\"http:\/\/desarrollo.grupomedios.com\/futbol\/wp-content\/uploads\/2017\/06\/maravillas-gimenez-3.jpg\" data-image=\"http:\/\/desarrollo.grupomedios.com\/futbol\/wp-content\/uploads\/2017\/06\/maravillas-gimenez-3.jpg\" data-description=\"maravillas-gimenez-3\"><img alt=\"\" src=\"http:\/\/desarrollo.grupomedios.com\/futbol\/wp-content\/uploads\/2017\/06\/maravillas-gimenez-4.jpg\" data-image=\"http:\/\/desarrollo.grupomedios.com\/futbol\/wp-content\/uploads\/2017\/06\/maravillas-gimenez-4.jpg\" data-description=\"maravillas-gimenez-4\"><img alt=\"\" src=\"http:\/\/desarrollo.grupomedios.com\/futbol\/wp-content\/uploads\/2017\/06\/maravillas-gimenez-5.jpg\" data-image=\"http:\/\/desarrollo.grupomedios.com\/futbol\/wp-content\/uploads\/2017\/06\/maravillas-gimenez-5.jpg\" data-description=\"maravillas-gimenez-5\"><img alt=\"\" src=\"http:\/\/desarrollo.grupomedios.com\/futbol\/wp-content\/uploads\/2017\/06\/maravillas-gimenez-7.jpg\" data-image=\"http:\/\/desarrollo.grupomedios.com\/futbol\/wp-content\/uploads\/2017\/06\/maravillas-gimenez-7.jpg\" data-description=\"maravillas-gimenez-7\"><img alt=\"\" src=\"http:\/\/desarrollo.grupomedios.com\/futbol\/wp-content\/uploads\/2017\/06\/maravillas-gimenez-8.jpg\" data-image=\"http:\/\/desarrollo.grupomedios.com\/futbol\/wp-content\/uploads\/2017\/06\/maravillas-gimenez-8.jpg\" data-description=\"maravillas-gimenez-8\"><img alt=\"\" src=\"http:\/\/desarrollo.grupomedios.com\/futbol\/wp-content\/uploads\/2017\/06\/maravillas-gimenez-9.jpg\" data-image=\"http:\/\/desarrollo.grupomedios.com\/futbol\/wp-content\/uploads\/2017\/06\/maravillas-gimenez-9.jpg\" data-description=\"maravillas-gimenez-9\"><img alt=\"\" src=\"http:\/\/desarrollo.grupomedios.com\/futbol\/wp-content\/uploads\/2017\/06\/maravillas-gimenez-11.jpg\" data-image=\"http:\/\/desarrollo.grupomedios.com\/futbol\/wp-content\/uploads\/2017\/06\/maravillas-gimenez-11.jpg\" data-description=\"maravillas-gimenez-11\"><\/div>\n        <script>\n        \/\/galeria 1\n        jQuery(document).ready(function(){ \n            var api;\n            api = jQuery(\"#gallerypjk\").unitegallery({\n                carousel_autoplay: false\n            }); \n        });\n        <\/script>\n        \n<p style=\"text-align: center;\"><span style=\"color: #3366ff;\"><a style=\"color: #3366ff;\" href=\"https:\/\/www.futboltotal.com.mx\/2017\/06\/canterano-chivas-fichado-club-colombiano\/\" target=\"_blank\" rel=\"noopener noreferrer\"><strong>VER M\u00c1S: Michel V\u00e1zquez encuentra equipo en el extranjero<\/strong><\/a><\/span><\/p>\n<blockquote class=\"instagram-media\" style=\"background: #FFF; border: 0; border-radius: 3px; box-shadow: 0 0 1px 0 rgba(0,0,0,0.5),0 1px 10px 0 rgba(0,0,0,0.15); margin: 1px; max-width: 658px; padding: 0; width: calc(100% - 2px);\" data-instgrm-captioned=\"\" data-instgrm-version=\"7\">\n<div style=\"padding: 8px;\">\n<div style=\"background: #F8F8F8; line-height: 0; margin-top: 40px; padding: 43.425925925925924% 0; text-align: center; width: 100%;\"><\/div>\n<p style=\"margin: 8px 0 0 0; padding: 0 4px;\"><a style=\"color: #000; font-family: Arial,sans-serif; font-size: 14px; font-style: normal; font-weight: normal; line-height: 17px; text-decoration: none; word-wrap: break-word;\" href=\"https:\/\/www.instagram.com\/p\/BU7ZwmcBRg7\/\" target=\"_blank\" rel=\"noopener noreferrer\">Ya era hora de un d\u00eda para nosotras&#8230;&#x1f64a;&#x1f649;&#x1f648; Momentos y personas que sumen, no hay m\u00e1s &#x1f60a;\u2764 @rosaliacarrillo31<\/a><\/p>\n<p style=\"color: #c9c8cd; font-family: Arial,sans-serif; font-size: 14px; line-height: 17px; margin-bottom: 0; margin-top: 8px; overflow: hidden; padding: 8px 0 7px; text-align: center; text-overflow: ellipsis; white-space: nowrap;\">Una publicaci\u00f3n compartida de Maravillas Gim\u00e9nez Guzm\u00e1n (@maragg_) el <time style=\"font-family: Arial,sans-serif; font-size: 14px; line-height: 17px;\" datetime=\"2017-06-04T18:44:24+00:00\">4 de Jun de 2017 a la(s) 11:44 PDT<\/time><\/p>\n<\/div>\n<\/blockquote>\n<p><script async defer src=\"\/\/platform.instagram.com\/en_US\/embeds.js\"><\/script><\/p>\n<p style=\"text-align: center;\"><span style=\"color: #3366ff;\"><a style=\"color: #3366ff;\" href=\"https:\/\/www.futboltotal.com.mx\/2017\/06\/matias-vuoso-ve-cerca-retiro\/\" target=\"_blank\" rel=\"noopener noreferrer\"><strong>VER M\u00c1S: Mat\u00edas Vuoso se retirar\u00eda en 2017<\/strong><\/a><\/span><\/p>\n","protected":false},"excerpt":{"rendered":"<p>La bella novia de \u00c9dgar M\u00e9ndez, lo acompa\u00f1ar\u00eda en su traves\u00eda por la Liga MX.<\/p>\n","protected":false},"author":20,"featured_media":486238,"comment_status":"closed","ping_status":"closed","sticky":false,"template":"","format":"standard","meta":[],"categories":[6408,5422,3],"tags":[2033],"_links":{"self":[{"href":"http:\/\/desarrollo.grupomedios.com\/futbol\/wp-json\/wp\/v2\/posts\/486235"}],"collection":[{"href":"http:\/\/desarrollo.grupomedios.com\/futbol\/wp-json\/wp\/v2\/posts"}],"about":[{"href":"http:\/\/desarrollo.grupomedios.com\/futbol\/wp-json\/wp\/v2\/types\/post"}],"author":[{"embeddable":true,"href":"http:\/\/desarrollo.grupomedios.com\/futbol\/wp-json\/wp\/v2\/users\/20"}],"replies":[{"embeddable":true,"href":"http:\/\/desarrollo.grupomedios.com\/futbol\/wp-json\/wp\/v2\/comments?post=486235"}],"version-history":[{"count":1,"href":"http:\/\/desarrollo.grupomedios.com\/futbol\/wp-json\/wp\/v2\/posts\/486235\/revisions"}],"predecessor-version":[{"id":486246,"href":"http:\/\/desarrollo.grupomedios.com\/futbol\/wp-json\/wp\/v2\/posts\/486235\/revisions\/486246"}],"wp:featuredmedia":[{"embeddable":true,"href":"http:\/\/desarrollo.grupomedios.com\/futbol\/wp-json\/wp\/v2\/media\/486238"}],"wp:attachment":[{"href":"http:\/\/desarrollo.grupomedios.com\/futbol\/wp-json\/wp\/v2\/media?parent=486235"}],"wp:term":[{"taxonomy":"category","embeddable":true,"href":"http:\/\/desarrollo.grupomedios.com\/futbol\/wp-json\/wp\/v2\/categories?post=486235"},{"taxonomy":"post_tag","embeddable":true,"href":"http:\/\/desarrollo.grupomedios.com\/futbol\/wp-json\/wp\/v2\/tags?post=486235"}],"curies":[{"name":"wp","href":"https:\/\/api.w.org\/{rel}","templated":true}]}}