{"id":486256,"date":"2017-06-30T19:29:09","date_gmt":"2017-07-01T00:29:09","guid":{"rendered":"https:\/\/www.futboltotal.com.mx\/?p=486256"},"modified":"2017-06-30T19:29:09","modified_gmt":"2017-07-01T00:29:09","slug":"dario-benedetto-regresa-a-mexico","status":"publish","type":"post","link":"http:\/\/desarrollo.grupomedios.com\/futbol\/cambio-de-juego\/dario-benedetto-regresa-a-mexico\/2017\/06","title":{"rendered":"\u00a1Dar\u00edo Benedetto regresa a M\u00e9xico!"},"content":{"rendered":"<p>El delantero argentino, <strong>Dar\u00edo Benedetto<\/strong>, se consagr\u00f3 como campe\u00f3n de Liga junto con Boca Juniors y tambi\u00e9n obtuvo el t\u00edtulo de goleo, por lo que felizmente ha regresado a M\u00e9xico para festejar, y descansar.<\/p>\n<p><strong>Dar\u00edo Benedetto<\/strong> no vuelve a M\u00e9xico para jugar en la Liga MX, o al menos no por ahora, pues se encuentra de vacaciones, en Playa del Carmen, luego de que culmin\u00f3 la actividad en el balompi\u00e9 de su pa\u00eds.<\/p>\n<p style=\"text-align: center;\"><span style=\"color: #3366ff;\"><a style=\"color: #3366ff;\" href=\"https:\/\/www.futboltotal.com.mx\/2017\/06\/unico-futbolista-la-liga-mx-estara-en-la-boda-messi\/\" target=\"_blank\" rel=\"noopener noreferrer\"><strong>VER M\u00c1S: El \u00fanico futbolista de Liga MX, invitado a boda de Lionel Messi<\/strong><\/a><\/span><\/p>\n<blockquote class=\"instagram-media\" style=\"background: #FFF; border: 0; border-radius: 3px; box-shadow: 0 0 1px 0 rgba(0,0,0,0.5),0 1px 10px 0 rgba(0,0,0,0.15); margin: 1px; max-width: 658px; padding: 0; width: calc(100% - 2px);\" data-instgrm-captioned=\"\" data-instgrm-version=\"7\">\n<div style=\"padding: 8px;\">\n<div style=\"background: #F8F8F8; line-height: 0; margin-top: 40px; padding: 50.0% 0; text-align: center; width: 100%;\"><\/div>\n<p style=\"margin: 8px 0 0 0; padding: 0 4px;\"><a style=\"color: #000; font-family: Arial,sans-serif; font-size: 14px; font-style: normal; font-weight: normal; line-height: 17px; text-decoration: none; word-wrap: break-word;\" href=\"https:\/\/www.instagram.com\/p\/BV7tFL5B6o_\/\" target=\"_blank\" rel=\"noopener noreferrer\">Preg\u00fantame si jodemo!!!!! @pabli.river @leoopons @tuckybenedetto<\/a><\/p>\n<p style=\"color: #c9c8cd; font-family: Arial,sans-serif; font-size: 14px; line-height: 17px; margin-bottom: 0; margin-top: 8px; overflow: hidden; padding: 8px 0 7px; text-align: center; text-overflow: ellipsis; white-space: nowrap;\">Una publicaci\u00f3n compartida de Dario Benedetto (@pipabenedetto90) el <time style=\"font-family: Arial,sans-serif; font-size: 14px; line-height: 17px;\" datetime=\"2017-06-29T18:04:38+00:00\">29 de Jun de 2017 a la(s) 11:04 PDT<\/time><\/p>\n<\/div>\n<\/blockquote>\n<p><script async defer src=\"\/\/platform.instagram.com\/en_US\/embeds.js\"><\/script><\/p>\n<p style=\"text-align: center;\"><span style=\"color: #3366ff;\"><a style=\"color: #3366ff;\" href=\"https:\/\/www.futboltotal.com.mx\/2017\/06\/canterano-chivas-fichado-club-colombiano\/\" target=\"_blank\" rel=\"noopener noreferrer\"><strong>VER M\u00c1S: Canterano de Chivas se suma a club extranjero<\/strong><\/a><\/span><\/p>\n","protected":false},"excerpt":{"rendered":"<p>Tras ser campe\u00f3n con Boca Juniors, el delantero pisa tierras mexicanas.<\/p>\n","protected":false},"author":20,"featured_media":486257,"comment_status":"closed","ping_status":"closed","sticky":false,"template":"","format":"standard","meta":[],"categories":[5419],"tags":[5460,3876],"_links":{"self":[{"href":"http:\/\/desarrollo.grupomedios.com\/futbol\/wp-json\/wp\/v2\/posts\/486256"}],"collection":[{"href":"http:\/\/desarrollo.grupomedios.com\/futbol\/wp-json\/wp\/v2\/posts"}],"about":[{"href":"http:\/\/desarrollo.grupomedios.com\/futbol\/wp-json\/wp\/v2\/types\/post"}],"author":[{"embeddable":true,"href":"http:\/\/desarrollo.grupomedios.com\/futbol\/wp-json\/wp\/v2\/users\/20"}],"replies":[{"embeddable":true,"href":"http:\/\/desarrollo.grupomedios.com\/futbol\/wp-json\/wp\/v2\/comments?post=486256"}],"version-history":[{"count":1,"href":"http:\/\/desarrollo.grupomedios.com\/futbol\/wp-json\/wp\/v2\/posts\/486256\/revisions"}],"predecessor-version":[{"id":486258,"href":"http:\/\/desarrollo.grupomedios.com\/futbol\/wp-json\/wp\/v2\/posts\/486256\/revisions\/486258"}],"wp:featuredmedia":[{"embeddable":true,"href":"http:\/\/desarrollo.grupomedios.com\/futbol\/wp-json\/wp\/v2\/media\/486257"}],"wp:attachment":[{"href":"http:\/\/desarrollo.grupomedios.com\/futbol\/wp-json\/wp\/v2\/media?parent=486256"}],"wp:term":[{"taxonomy":"category","embeddable":true,"href":"http:\/\/desarrollo.grupomedios.com\/futbol\/wp-json\/wp\/v2\/categories?post=486256"},{"taxonomy":"post_tag","embeddable":true,"href":"http:\/\/desarrollo.grupomedios.com\/futbol\/wp-json\/wp\/v2\/tags?post=486256"}],"curies":[{"name":"wp","href":"https:\/\/api.w.org\/{rel}","templated":true}]}}