{"id":486301,"date":"2017-07-01T09:43:50","date_gmt":"2017-07-01T14:43:50","guid":{"rendered":"https:\/\/www.futboltotal.com.mx\/?p=486301"},"modified":"2017-07-01T09:43:50","modified_gmt":"2017-07-01T14:43:50","slug":"presidente-atletico-nacional-quiere-soltar-a-refuerzo-america","status":"publish","type":"post","link":"http:\/\/desarrollo.grupomedios.com\/futbol\/destacado-home\/presidente-atletico-nacional-quiere-soltar-a-refuerzo-america\/2017\/07","title":{"rendered":"Presidente de Atl\u00e9tico Nacional no quiere &#8216;soltar&#8217; a refuerzo de Am\u00e9rica"},"content":{"rendered":"<p>Am\u00e9rica est\u00e1 en la b\u00fasqueda de su refuerzo colombiano, <strong>Mateus Uribe<\/strong>, sin embargo, el presidente de Atl\u00e9tico Nacional, Andr\u00e9s Botero, se reh\u00fasa a &#8216;soltar&#8217; al futbolista.<\/p>\n<p style=\"text-align: center;\"><span style=\"color: #333399;\"><a style=\"color: #333399;\" href=\"https:\/\/www.futboltotal.com.mx\/2017\/06\/cruz-azul-tendria-a-tres-campeones-copa-confederaciones\/\" target=\"_blank\" rel=\"noopener noreferrer\">VER M\u00c1S: Cruz Azul tendr\u00eda tres campeones de Copa Cofnederaciones<\/a><\/span><\/p>\n<blockquote><p>\u201cLo de <strong>Mateus<\/strong> saben que el primer d\u00eda nos faltaron dos jugadores, falt\u00f3<strong> Mateu<\/strong>s y falt\u00f3 (Andr\u00e9s) Ibarg\u00fcen, quien ten\u00eda una excusa m\u00e9dica, de<strong> Mateus<\/strong> entiendo que no quiso asistir (al entrenamiento) porque su<strong> deseo es retirarse del club e irse para M\u00e9xico<\/strong>. Pero la directiva siempre ha dicho que esa decisi\u00f3n es del club y, cuando haya un negocio interesante para los dos, se mirar\u00e1. Ahora creo que no es momento para que se vaya, por muchos motivos, ni para \u00e9l ni para el club, que se retire, queremos seguir contando con \u00e9l\u201d,\u00a0expres\u00f3 el presidente del <strong>Atl\u00e9tico Nacional<\/strong>, para el programa colombiano\u00a0<em>Radio Munera<\/em>.<\/p><\/blockquote>\n<p>Sobre el hecho de no presentarse al entrenamiento, el directivo indic\u00f3 que el futbolista tendr\u00e1 una sanci\u00f3n.<\/p>\n<p>\u201cYa el director deportivo habl\u00f3 con \u00e9l y sabe que cometi\u00f3 una infracci\u00f3n y se reunir\u00e1n para saber qu\u00e9 sucedi\u00f3. Se le pidi\u00f3 a\u00a0<strong>Mateus\u00a0<\/strong>que diera las excusas, porque era muy importante que estuviera los primeros d\u00edas con el equipo\u201d, sentenci\u00f3.<\/p>\n<p style=\"text-align: center;\"><span style=\"color: #333399;\"><a style=\"color: #333399;\" href=\"https:\/\/www.futboltotal.com.mx\/2017\/06\/dario-benedetto-regresa-a-mexico\/\" target=\"_blank\" rel=\"noopener noreferrer\">VER M\u00c1S: \u00a1Dar\u00edo Benedetto regresa a M\u00e9xico!\u00a0<\/a><\/span><\/p>\n","protected":false},"excerpt":{"rendered":"<p>El conjunto colombiano no quiere dejar salir al mediocampista para que juegue en M\u00e9xico<\/p>\n","protected":false},"author":20,"featured_media":485922,"comment_status":"closed","ping_status":"closed","sticky":false,"template":"","format":"standard","meta":[],"categories":[5,7740,2198,3845],"tags":[5959,2075,64,9184],"_links":{"self":[{"href":"http:\/\/desarrollo.grupomedios.com\/futbol\/wp-json\/wp\/v2\/posts\/486301"}],"collection":[{"href":"http:\/\/desarrollo.grupomedios.com\/futbol\/wp-json\/wp\/v2\/posts"}],"about":[{"href":"http:\/\/desarrollo.grupomedios.com\/futbol\/wp-json\/wp\/v2\/types\/post"}],"author":[{"embeddable":true,"href":"http:\/\/desarrollo.grupomedios.com\/futbol\/wp-json\/wp\/v2\/users\/20"}],"replies":[{"embeddable":true,"href":"http:\/\/desarrollo.grupomedios.com\/futbol\/wp-json\/wp\/v2\/comments?post=486301"}],"version-history":[{"count":1,"href":"http:\/\/desarrollo.grupomedios.com\/futbol\/wp-json\/wp\/v2\/posts\/486301\/revisions"}],"predecessor-version":[{"id":486302,"href":"http:\/\/desarrollo.grupomedios.com\/futbol\/wp-json\/wp\/v2\/posts\/486301\/revisions\/486302"}],"wp:featuredmedia":[{"embeddable":true,"href":"http:\/\/desarrollo.grupomedios.com\/futbol\/wp-json\/wp\/v2\/media\/485922"}],"wp:attachment":[{"href":"http:\/\/desarrollo.grupomedios.com\/futbol\/wp-json\/wp\/v2\/media?parent=486301"}],"wp:term":[{"taxonomy":"category","embeddable":true,"href":"http:\/\/desarrollo.grupomedios.com\/futbol\/wp-json\/wp\/v2\/categories?post=486301"},{"taxonomy":"post_tag","embeddable":true,"href":"http:\/\/desarrollo.grupomedios.com\/futbol\/wp-json\/wp\/v2\/tags?post=486301"}],"curies":[{"name":"wp","href":"https:\/\/api.w.org\/{rel}","templated":true}]}}