{"id":486305,"date":"2017-07-01T10:24:33","date_gmt":"2017-07-01T15:24:33","guid":{"rendered":"https:\/\/www.futboltotal.com.mx\/?p=486305"},"modified":"2017-07-01T10:24:33","modified_gmt":"2017-07-01T15:24:33","slug":"le-ganamos-a-alemania-seriamos-mejor-equipo-del-mundo-vidal","status":"publish","type":"post","link":"http:\/\/desarrollo.grupomedios.com\/futbol\/futbol-internacional\/le-ganamos-a-alemania-seriamos-mejor-equipo-del-mundo-vidal\/2017\/07","title":{"rendered":"Si le ganamos a Alemania, ser\u00edamos el mejor equipo del mundo: Vidal"},"content":{"rendered":"<p>El mediocampista chileno, <strong>Arturo Vidal<\/strong>, indic\u00f3 que si su selecci\u00f3n vence a Alemania en la final de la <strong>Copa Confederaciones<\/strong> ser\u00e1n el mejor equipo del mundo.<\/p>\n<blockquote><p>&#8220;Derrotamos a\u00a0<strong>Argentina\u00a0<\/strong>dos a\u00f1os seguidos, que es una de las mejores selecciones del mundo, y el otro d\u00eda a\u00a0<strong>Portugal<\/strong>, que es el campe\u00f3n de\u00a0Europa. Si ganamos (a <strong>Alemania<\/strong>), ser\u00edamos el mejor equipo del mundo&#8221;, dijo el chileno.<\/p><\/blockquote>\n<p style=\"text-align: center;\"><span style=\"color: #333399;\"><a style=\"color: #333399;\" href=\"https:\/\/www.futboltotal.com.mx\/2017\/06\/siempre-pongo-una-clausula-mexico-prioridad-piojo-herrera\/\" target=\"_blank\" rel=\"noopener noreferrer\">VER M\u00c1S: Piojo Herrera, listo para dirigir al Tri<\/a><\/span><\/p>\n<p>Indic\u00f3 que en la cabeza de sus compa\u00f1eros solo pasa por su mente el ser campeones.<\/p>\n<blockquote><p>&#8220;Todos sabemos que ser\u00e1 muy dif\u00edcil. Llevamos muchos a\u00f1os\u00a0trabajando\u00a0juntos. Tenemos todav\u00eda hambre de seguir ganando cosas&#8221;,\u00a0extern\u00f3, pues <strong>Chile<\/strong> gan\u00f3 las dos anteriores ediciones de la <strong>Copa Am\u00e9rica<\/strong>.<\/p><\/blockquote>\n<p style=\"text-align: center;\"><span style=\"color: #333399;\"><a style=\"color: #333399;\" href=\"https:\/\/www.futboltotal.com.mx\/2017\/06\/seleccionado-chileno-le-dice-a-toluca\/\" target=\"_blank\" rel=\"noopener noreferrer\">VER M\u00c1S: Seleccionado chileno le dice NO a Toluca<\/a><\/span><\/p>\n<p>&nbsp;<\/p>\n","protected":false},"excerpt":{"rendered":"<p>El mediocampista del Bayern Munich asegur\u00f3 que por la mente de los chilenos solo pasa levantar la copa<\/p>\n","protected":false},"author":20,"featured_media":457053,"comment_status":"closed","ping_status":"closed","sticky":false,"template":"","format":"standard","meta":[],"categories":[3868,3839],"tags":[6000,2962,406,1580],"_links":{"self":[{"href":"http:\/\/desarrollo.grupomedios.com\/futbol\/wp-json\/wp\/v2\/posts\/486305"}],"collection":[{"href":"http:\/\/desarrollo.grupomedios.com\/futbol\/wp-json\/wp\/v2\/posts"}],"about":[{"href":"http:\/\/desarrollo.grupomedios.com\/futbol\/wp-json\/wp\/v2\/types\/post"}],"author":[{"embeddable":true,"href":"http:\/\/desarrollo.grupomedios.com\/futbol\/wp-json\/wp\/v2\/users\/20"}],"replies":[{"embeddable":true,"href":"http:\/\/desarrollo.grupomedios.com\/futbol\/wp-json\/wp\/v2\/comments?post=486305"}],"version-history":[{"count":1,"href":"http:\/\/desarrollo.grupomedios.com\/futbol\/wp-json\/wp\/v2\/posts\/486305\/revisions"}],"predecessor-version":[{"id":486306,"href":"http:\/\/desarrollo.grupomedios.com\/futbol\/wp-json\/wp\/v2\/posts\/486305\/revisions\/486306"}],"wp:featuredmedia":[{"embeddable":true,"href":"http:\/\/desarrollo.grupomedios.com\/futbol\/wp-json\/wp\/v2\/media\/457053"}],"wp:attachment":[{"href":"http:\/\/desarrollo.grupomedios.com\/futbol\/wp-json\/wp\/v2\/media?parent=486305"}],"wp:term":[{"taxonomy":"category","embeddable":true,"href":"http:\/\/desarrollo.grupomedios.com\/futbol\/wp-json\/wp\/v2\/categories?post=486305"},{"taxonomy":"post_tag","embeddable":true,"href":"http:\/\/desarrollo.grupomedios.com\/futbol\/wp-json\/wp\/v2\/tags?post=486305"}],"curies":[{"name":"wp","href":"https:\/\/api.w.org\/{rel}","templated":true}]}}