{"id":486311,"date":"2017-07-01T11:08:25","date_gmt":"2017-07-01T16:08:25","guid":{"rendered":"https:\/\/www.futboltotal.com.mx\/?p=486311"},"modified":"2017-07-01T11:08:25","modified_gmt":"2017-07-01T16:08:25","slug":"chivas-aceptara-extranjeros-almeyda-querria-a-estos-dos-argentinos","status":"publish","type":"post","link":"http:\/\/desarrollo.grupomedios.com\/futbol\/futbol-mexicano\/chivas-aceptara-extranjeros-almeyda-querria-a-estos-dos-argentinos\/2017\/07","title":{"rendered":"Si Chivas aceptara extranjeros, Almeyda querr\u00eda a estos dos argentinos"},"content":{"rendered":"<p>El estratega de las <strong>Chivas<\/strong>, <strong>Mat\u00edas Almeyda<\/strong> indic\u00f3 que cuales futbolistas traer\u00eda a la <strong>Liga MX<\/strong> si pudiera comprar extranjeros para el reba\u00f1o.<\/p>\n<p>&#8220;Es dif\u00edcil decir un nombre. Yo creo que <strong>Lucas Alario<\/strong> es el jugador m\u00e1s claro que tiene <strong>River Plate<\/strong>. Lo que hizo <strong>Jonathan Maidana<\/strong> en todos estos a\u00f1os fue muy bueno, le rindi\u00f3 mucho al club; su experiencia y humildad fueron un gran aporte. Est\u00e1 entre los mejores&#8221;. dijo<strong> Almeyda<\/strong> para el diario <em>La Naci\u00f3n<\/em>.<\/p>\n<p style=\"text-align: center;\"><span style=\"color: #333399;\"><a style=\"color: #333399;\" href=\"https:\/\/www.futboltotal.com.mx\/2017\/06\/chicharito-disputado-4-clubes-inglaterra-francia\/\" target=\"_blank\" rel=\"noopener noreferrer\">VER M\u00c1S: Chicharito es buscado por 4 equipos de Inglaterra y Francia<\/a><\/span><\/p>\n<p>Aunque<strong> Almeyda<\/strong> dej\u00f3 en claro que para el es un privilegio jugar solo con futbolsitas mexicanos.<\/p>\n<blockquote><p>&#8220;Era otro objetivo que ten\u00eda que alcanzar: superarme, mostrarme ante un futbol que a m\u00ed como entrenador no me conoc\u00eda. Me gusta entrenar al jugador mexicano, tiene una predisposici\u00f3n al trabajo espectacular. Ellos nos facilitaron las cosas para que todo saliera bien&#8221;.<\/p><\/blockquote>\n<p style=\"text-align: center;\"><span style=\"color: #333399;\"><a style=\"color: #333399;\" href=\"https:\/\/www.futboltotal.com.mx\/2017\/06\/dario-benedetto-regresa-a-mexico\/\" target=\"_blank\" rel=\"noopener noreferrer\">VER M\u00c1S: Dar\u00edo Benedetto regresa a M\u00e9xico<\/a><\/span><\/p>\n<p>&nbsp;<\/p>\n","protected":false},"excerpt":{"rendered":"<p>El estratega expres\u00f3 su gusto por estos dos futbolistas, que sin duda jugar\u00edan con Chivas<\/p>\n","protected":false},"author":20,"featured_media":485225,"comment_status":"closed","ping_status":"closed","sticky":false,"template":"","format":"standard","meta":[],"categories":[2198,3845],"tags":[70,4816,9209,1420,164],"_links":{"self":[{"href":"http:\/\/desarrollo.grupomedios.com\/futbol\/wp-json\/wp\/v2\/posts\/486311"}],"collection":[{"href":"http:\/\/desarrollo.grupomedios.com\/futbol\/wp-json\/wp\/v2\/posts"}],"about":[{"href":"http:\/\/desarrollo.grupomedios.com\/futbol\/wp-json\/wp\/v2\/types\/post"}],"author":[{"embeddable":true,"href":"http:\/\/desarrollo.grupomedios.com\/futbol\/wp-json\/wp\/v2\/users\/20"}],"replies":[{"embeddable":true,"href":"http:\/\/desarrollo.grupomedios.com\/futbol\/wp-json\/wp\/v2\/comments?post=486311"}],"version-history":[{"count":1,"href":"http:\/\/desarrollo.grupomedios.com\/futbol\/wp-json\/wp\/v2\/posts\/486311\/revisions"}],"predecessor-version":[{"id":486312,"href":"http:\/\/desarrollo.grupomedios.com\/futbol\/wp-json\/wp\/v2\/posts\/486311\/revisions\/486312"}],"wp:featuredmedia":[{"embeddable":true,"href":"http:\/\/desarrollo.grupomedios.com\/futbol\/wp-json\/wp\/v2\/media\/485225"}],"wp:attachment":[{"href":"http:\/\/desarrollo.grupomedios.com\/futbol\/wp-json\/wp\/v2\/media?parent=486311"}],"wp:term":[{"taxonomy":"category","embeddable":true,"href":"http:\/\/desarrollo.grupomedios.com\/futbol\/wp-json\/wp\/v2\/categories?post=486311"},{"taxonomy":"post_tag","embeddable":true,"href":"http:\/\/desarrollo.grupomedios.com\/futbol\/wp-json\/wp\/v2\/tags?post=486311"}],"curies":[{"name":"wp","href":"https:\/\/api.w.org\/{rel}","templated":true}]}}