{"id":486317,"date":"2017-07-01T12:33:00","date_gmt":"2017-07-01T17:33:00","guid":{"rendered":"https:\/\/www.futboltotal.com.mx\/?p=486317"},"modified":"2017-07-01T12:33:00","modified_gmt":"2017-07-01T17:33:00","slug":"tri-lesionado-cara-al-duelo-frente-a-portugal","status":"publish","type":"post","link":"http:\/\/desarrollo.grupomedios.com\/futbol\/futbol-mexicano\/tri-lesionado-cara-al-duelo-frente-a-portugal\/2017\/07","title":{"rendered":"El Tri tiene otro lesionado de cara al duelo frente a Portugal"},"content":{"rendered":"<p>La <strong>Selecci\u00f3n Mexicana<\/strong> ha vivido un torneo de <strong>Copa Confederaciones<\/strong> lleno de lesiones y ahora se le sumar\u00eda otra baja para el duelo ante <strong>Portugal<\/strong>.<\/p>\n<p><strong>Marco Fabi\u00e1n<\/strong> ha puesto en duda su participaci\u00f3n luego de sufrir una lesi\u00f3n en el ojo durante el entrenamiento para reconocer la cancha del\u00a0Spartak Stadium.<\/p>\n<p style=\"text-align: center;\"><span style=\"color: #333399;\"><a style=\"color: #333399;\" href=\"https:\/\/www.futboltotal.com.mx\/2017\/07\/en-argentina-le-echan-ojo-a-la-liga-mx\/\" target=\"_blank\" rel=\"noopener noreferrer\">VER M\u00c1S: Los futbolistas de la Liga MX que podr\u00edan irse a Argentina<\/a><\/span><\/p>\n<div class=\"adunit Boxbanner w Fluid \" data-list-position=\"\">\u00a0&#8220;Est\u00e1bamos entrenando y\u00a0<b>parece que (Marco) tuvo una lesi\u00f3n en un ojo<\/b>, pero seguramente que el departamento m\u00e9dico y la Federaci\u00f3n le pondr\u00e1n lo necesario para aclarar la situaci\u00f3n que esperemos no sea grave&#8221;, explic\u00f3\u00a0<b>Osorio<\/b>.<\/div>\n<div class=\"adunit Boxbanner w Fluid \" data-list-position=\"\">\n<p>El golpe en el ojo se present\u00f3 luego que<strong> Fabi\u00e1n<\/strong> recibiera un balonazo mientras jugaban un interescuadras.<\/p>\n<p>Esta baja se sumar\u00eda a la de <strong>Carlos Salcedo<\/strong> y <strong>Diego Reyes<\/strong>, quienes tambi\u00e9n han sido descartados para el \u00faltimo duelo ante<strong> Portugal<\/strong> por el tercer lugar. Recordando que <strong>Andr\u00e9s Guardado<\/strong> no pudo jugar ante Alemania por tener doble amarilla.<\/p>\n<p style=\"text-align: center;\"><span style=\"color: #333399;\"><a style=\"color: #333399;\" href=\"https:\/\/www.futboltotal.com.mx\/2017\/07\/le-ganamos-a-alemania-seriamos-mejor-equipo-del-mundo-vidal\/\" target=\"_blank\" rel=\"noopener noreferrer\">VER M\u00c1S: Arturo Vidal cree que si le ganan a Alemania, ser\u00e1n la mejor selecci\u00f3n del mundo<\/a><\/span><\/p>\n<p>&nbsp;<\/p>\n<p>&nbsp;<\/p>\n<\/div>\n","protected":false},"excerpt":{"rendered":"<p>El mediocampista podr\u00eda perderse el duelo por el tercer lugar en la Copa Confederaciones<\/p>\n","protected":false},"author":20,"featured_media":485520,"comment_status":"closed","ping_status":"closed","sticky":false,"template":"","format":"standard","meta":[],"categories":[3868,3839,2198,3847],"tags":[6046,1580,131,65,715,8853,409],"_links":{"self":[{"href":"http:\/\/desarrollo.grupomedios.com\/futbol\/wp-json\/wp\/v2\/posts\/486317"}],"collection":[{"href":"http:\/\/desarrollo.grupomedios.com\/futbol\/wp-json\/wp\/v2\/posts"}],"about":[{"href":"http:\/\/desarrollo.grupomedios.com\/futbol\/wp-json\/wp\/v2\/types\/post"}],"author":[{"embeddable":true,"href":"http:\/\/desarrollo.grupomedios.com\/futbol\/wp-json\/wp\/v2\/users\/20"}],"replies":[{"embeddable":true,"href":"http:\/\/desarrollo.grupomedios.com\/futbol\/wp-json\/wp\/v2\/comments?post=486317"}],"version-history":[{"count":1,"href":"http:\/\/desarrollo.grupomedios.com\/futbol\/wp-json\/wp\/v2\/posts\/486317\/revisions"}],"predecessor-version":[{"id":486318,"href":"http:\/\/desarrollo.grupomedios.com\/futbol\/wp-json\/wp\/v2\/posts\/486317\/revisions\/486318"}],"wp:featuredmedia":[{"embeddable":true,"href":"http:\/\/desarrollo.grupomedios.com\/futbol\/wp-json\/wp\/v2\/media\/485520"}],"wp:attachment":[{"href":"http:\/\/desarrollo.grupomedios.com\/futbol\/wp-json\/wp\/v2\/media?parent=486317"}],"wp:term":[{"taxonomy":"category","embeddable":true,"href":"http:\/\/desarrollo.grupomedios.com\/futbol\/wp-json\/wp\/v2\/categories?post=486317"},{"taxonomy":"post_tag","embeddable":true,"href":"http:\/\/desarrollo.grupomedios.com\/futbol\/wp-json\/wp\/v2\/tags?post=486317"}],"curies":[{"name":"wp","href":"https:\/\/api.w.org\/{rel}","templated":true}]}}