{"id":486347,"date":"2017-07-01T14:58:16","date_gmt":"2017-07-01T19:58:16","guid":{"rendered":"https:\/\/www.futboltotal.com.mx\/?p=486347"},"modified":"2017-07-01T14:58:16","modified_gmt":"2017-07-01T19:58:16","slug":"fantastica-anotacion-paulo-dybala","status":"publish","type":"post","link":"http:\/\/desarrollo.grupomedios.com\/futbol\/videos\/fantastica-anotacion-paulo-dybala\/2017\/07","title":{"rendered":"\u00a1Fant\u00e1stica anotaci\u00f3n de Paulo Dybala!"},"content":{"rendered":"<p>Durante un partido a beneficencia celebrado en Laguna Larga C\u00f3rdoba, donde participaron varias figuras argentinas, tanto del balompi\u00e9 local como del internacional;<strong> Paulo Dybala<\/strong> fue desafiado en un tiro libre, pues una barrera inusual y masiva (inclu\u00eda a aficionados), rode\u00f3 casi todo el arco rival, y a\u00fan as\u00ed, la joya de Juventus logr\u00f3 anotar.<\/p>\n<p style=\"text-align: center;\"><span style=\"color: #3366ff;\"><a style=\"color: #3366ff;\" href=\"https:\/\/www.futboltotal.com.mx\/2017\/07\/calendario-completo-la-copa-mx-apertura-2017\/\"><strong>VER M\u00c1S: Listo el calendario completo de la Copa MX<\/strong><\/a><\/span><\/p>\n<blockquote class=\"twitter-video\" data-lang=\"es\">\n<p dir=\"ltr\" lang=\"es\">Atenci\u00f3n al tiro libre de <a href=\"https:\/\/twitter.com\/PauDybala_JR\">@PauDybala_JR<\/a> en el partido a beneficio organizado en su ciudad natal. LA BARRERA &#x1f602;&#x1f602;<a href=\"https:\/\/t.co\/317fJ3XAXY\">pic.twitter.com\/317fJ3XAXY<\/a><\/p>\n<p>\u2014 Pasi\u00f3n F\u00fatbol (@PasionFutbolFC) <a href=\"https:\/\/twitter.com\/PasionFutbolFC\/status\/881233496626401281\">1 de julio de 2017<\/a><\/p><\/blockquote>\n<p><script async src=\"\/\/platform.twitter.com\/widgets.js\" charset=\"utf-8\"><\/script><\/p>\n<p style=\"text-align: center;\"><span style=\"color: #3366ff;\"><a style=\"color: #3366ff;\" href=\"https:\/\/www.futboltotal.com.mx\/2017\/06\/dario-benedetto-regresa-a-mexico\/\" target=\"_blank\" rel=\"noopener noreferrer\"><strong>VER M\u00c1S: Dar\u00edo Benedetto vuelve a M\u00e9xico<\/strong><\/a><\/span><\/p>\n<p><a href=\"https:\/\/www.futboltotal.com.mx\/wp-content\/uploads\/2017\/07\/fantastico-gol-de-paulo-dybala.jpg\"><img decoding=\"async\" loading=\"lazy\" class=\"alignnone size-full wp-image-486348\" src=\"https:\/\/www.futboltotal.com.mx\/wp-content\/uploads\/2017\/07\/fantastico-gol-de-paulo-dybala.jpg\" alt=\"\u00a1Fant\u00e1stica anotaci\u00f3n de Paulo Dybala! 0\" srcset=\"http:\/\/desarrollo.grupomedios.com\/futbol\/wp-content\/uploads\/2017\/07\/fantastico-gol-de-paulo-dybala.jpg 1136w, http:\/\/desarrollo.grupomedios.com\/futbol\/wp-content\/uploads\/2017\/07\/fantastico-gol-de-paulo-dybala-300x169.jpg 300w, http:\/\/desarrollo.grupomedios.com\/futbol\/wp-content\/uploads\/2017\/07\/fantastico-gol-de-paulo-dybala-768x432.jpg 768w, http:\/\/desarrollo.grupomedios.com\/futbol\/wp-content\/uploads\/2017\/07\/fantastico-gol-de-paulo-dybala-1024x576.jpg 1024w, http:\/\/desarrollo.grupomedios.com\/futbol\/wp-content\/uploads\/2017\/07\/fantastico-gol-de-paulo-dybala-317x178.jpg 317w, http:\/\/desarrollo.grupomedios.com\/futbol\/wp-content\/uploads\/2017\/07\/fantastico-gol-de-paulo-dybala-535x301.jpg 535w, http:\/\/desarrollo.grupomedios.com\/futbol\/wp-content\/uploads\/2017\/07\/fantastico-gol-de-paulo-dybala-374x210.jpg 374w\" sizes=\"(max-width: 1136px) 100vw, 1136px\" \/><\/a><\/p>\n<p style=\"text-align: center;\"><span style=\"color: #3366ff;\"><a style=\"color: #3366ff;\" href=\"https:\/\/www.futboltotal.com.mx\/2017\/06\/lionel-messi-desposado-antonela-roccuzzo\/\" target=\"_blank\" rel=\"noopener noreferrer\"><strong>VER M\u00c1S: Galer\u00eda de las bellezas que asistieron a la boda de Lionel Messi<\/strong><\/a><\/span><\/p>\n","protected":false},"excerpt":{"rendered":"<p>Mientras Messi estaba de fiesta, la joya argentina se luce en partido.<\/p>\n","protected":false},"author":20,"featured_media":486349,"comment_status":"closed","ping_status":"closed","sticky":false,"template":"","format":"standard","meta":[],"categories":[3839,4,6433],"tags":[5996,6214,6669],"_links":{"self":[{"href":"http:\/\/desarrollo.grupomedios.com\/futbol\/wp-json\/wp\/v2\/posts\/486347"}],"collection":[{"href":"http:\/\/desarrollo.grupomedios.com\/futbol\/wp-json\/wp\/v2\/posts"}],"about":[{"href":"http:\/\/desarrollo.grupomedios.com\/futbol\/wp-json\/wp\/v2\/types\/post"}],"author":[{"embeddable":true,"href":"http:\/\/desarrollo.grupomedios.com\/futbol\/wp-json\/wp\/v2\/users\/20"}],"replies":[{"embeddable":true,"href":"http:\/\/desarrollo.grupomedios.com\/futbol\/wp-json\/wp\/v2\/comments?post=486347"}],"version-history":[{"count":1,"href":"http:\/\/desarrollo.grupomedios.com\/futbol\/wp-json\/wp\/v2\/posts\/486347\/revisions"}],"predecessor-version":[{"id":486350,"href":"http:\/\/desarrollo.grupomedios.com\/futbol\/wp-json\/wp\/v2\/posts\/486347\/revisions\/486350"}],"wp:featuredmedia":[{"embeddable":true,"href":"http:\/\/desarrollo.grupomedios.com\/futbol\/wp-json\/wp\/v2\/media\/486349"}],"wp:attachment":[{"href":"http:\/\/desarrollo.grupomedios.com\/futbol\/wp-json\/wp\/v2\/media?parent=486347"}],"wp:term":[{"taxonomy":"category","embeddable":true,"href":"http:\/\/desarrollo.grupomedios.com\/futbol\/wp-json\/wp\/v2\/categories?post=486347"},{"taxonomy":"post_tag","embeddable":true,"href":"http:\/\/desarrollo.grupomedios.com\/futbol\/wp-json\/wp\/v2\/tags?post=486347"}],"curies":[{"name":"wp","href":"https:\/\/api.w.org\/{rel}","templated":true}]}}