{"id":486359,"date":"2017-07-01T15:49:24","date_gmt":"2017-07-01T20:49:24","guid":{"rendered":"https:\/\/www.futboltotal.com.mx\/?p=486359"},"modified":"2017-07-01T15:56:09","modified_gmt":"2017-07-01T20:56:09","slug":"kylian-mbappe-ya-habria-dejado-al-monaco","status":"publish","type":"post","link":"http:\/\/desarrollo.grupomedios.com\/futbol\/destacado-home\/kylian-mbappe-ya-habria-dejado-al-monaco\/2017\/07","title":{"rendered":"Kylian Mbapp\u00e9 ya habr\u00eda dejado al M\u00f3naco"},"content":{"rendered":"<p>Los rumores sobre la salida de <strong>Kylian Mbapp\u00e9<\/strong> del <strong>M\u00f3naco<\/strong> podr\u00edan tomar seriedad, debido a que el delantero habr\u00eda hecho un gui\u00f1o de su salida del equipo franc\u00e9s. Esto debido a que en su cuenta de Twitter cambi\u00f3 la descripci\u00f3n de la biograf\u00eda, al omitir al club donde juega.<\/p>\n<p>Con ello, ser\u00eda posible que <strong>Kylian Mbapp\u00e9<\/strong> se convierta en el siguiente refuerzo del Real Madrid, o de alg\u00fan equipo con suficiente poder adquisitivo, como para convencer al delantero de fichar por ellos.<\/p>\n<p style=\"text-align: center;\"><span style=\"color: #3366ff;\"><a style=\"color: #3366ff;\" href=\"https:\/\/www.futboltotal.com.mx\/2017\/07\/atletico-madrid-estrena-nuevo-escudo\/\" target=\"_blank\" rel=\"noopener noreferrer\"><strong>VER M\u00c1S: Atl\u00e9tico de Madrid cambia de escudo<\/strong><\/a><\/span><\/p>\n<p><a href=\"https:\/\/www.futboltotal.com.mx\/wp-content\/uploads\/2017\/07\/mbappe-monaco.jpg\"><img decoding=\"async\" loading=\"lazy\" class=\"alignnone size-full wp-image-486360\" src=\"https:\/\/www.futboltotal.com.mx\/wp-content\/uploads\/2017\/07\/mbappe-monaco.jpg\" alt=\"Kylian Mbapp\u00e9 ya habr\u00eda dejado al M\u00f3naco 0\" srcset=\"http:\/\/desarrollo.grupomedios.com\/futbol\/wp-content\/uploads\/2017\/07\/mbappe-monaco.jpg 1136w, http:\/\/desarrollo.grupomedios.com\/futbol\/wp-content\/uploads\/2017\/07\/mbappe-monaco-300x169.jpg 300w, http:\/\/desarrollo.grupomedios.com\/futbol\/wp-content\/uploads\/2017\/07\/mbappe-monaco-768x432.jpg 768w, http:\/\/desarrollo.grupomedios.com\/futbol\/wp-content\/uploads\/2017\/07\/mbappe-monaco-1024x576.jpg 1024w, http:\/\/desarrollo.grupomedios.com\/futbol\/wp-content\/uploads\/2017\/07\/mbappe-monaco-317x178.jpg 317w, http:\/\/desarrollo.grupomedios.com\/futbol\/wp-content\/uploads\/2017\/07\/mbappe-monaco-535x301.jpg 535w, http:\/\/desarrollo.grupomedios.com\/futbol\/wp-content\/uploads\/2017\/07\/mbappe-monaco-374x210.jpg 374w\" sizes=\"(max-width: 1136px) 100vw, 1136px\" \/><\/a><\/p>\n<p style=\"text-align: center;\"><span style=\"color: #3366ff;\"><a style=\"color: #3366ff;\" href=\"https:\/\/www.futboltotal.com.mx\/2017\/07\/fantastica-anotacion-paulo-dybala\/\" target=\"_blank\" rel=\"noopener noreferrer\"><strong>VER M\u00c1S: Paulo Dybala anota gol frente a la barrera m\u00e1s grande del mundo<\/strong><\/a><\/span><\/p>\n<p><a href=\"https:\/\/www.futboltotal.com.mx\/wp-content\/uploads\/2017\/07\/mbappe-sin-monaco.jpg\"><img decoding=\"async\" loading=\"lazy\" class=\"alignnone size-full wp-image-486361\" src=\"https:\/\/www.futboltotal.com.mx\/wp-content\/uploads\/2017\/07\/mbappe-sin-monaco.jpg\" alt=\"Kylian Mbapp\u00e9 ya habr\u00eda dejado al M\u00f3naco 1\" srcset=\"http:\/\/desarrollo.grupomedios.com\/futbol\/wp-content\/uploads\/2017\/07\/mbappe-sin-monaco.jpg 1136w, http:\/\/desarrollo.grupomedios.com\/futbol\/wp-content\/uploads\/2017\/07\/mbappe-sin-monaco-300x169.jpg 300w, http:\/\/desarrollo.grupomedios.com\/futbol\/wp-content\/uploads\/2017\/07\/mbappe-sin-monaco-768x432.jpg 768w, http:\/\/desarrollo.grupomedios.com\/futbol\/wp-content\/uploads\/2017\/07\/mbappe-sin-monaco-1024x576.jpg 1024w, http:\/\/desarrollo.grupomedios.com\/futbol\/wp-content\/uploads\/2017\/07\/mbappe-sin-monaco-317x178.jpg 317w, http:\/\/desarrollo.grupomedios.com\/futbol\/wp-content\/uploads\/2017\/07\/mbappe-sin-monaco-535x301.jpg 535w, http:\/\/desarrollo.grupomedios.com\/futbol\/wp-content\/uploads\/2017\/07\/mbappe-sin-monaco-374x210.jpg 374w\" sizes=\"(max-width: 1136px) 100vw, 1136px\" \/><\/a><\/p>\n<p style=\"text-align: center;\"><span style=\"color: #3366ff;\"><a style=\"color: #3366ff;\" href=\"https:\/\/www.futboltotal.com.mx\/2017\/07\/increible-look-nahuel-guzman-en-boda-lionel-messi\/\" target=\"_blank\" rel=\"noopener noreferrer\"><strong>VER M\u00c1S: Nahuel Guzm\u00e1n impacta con atuendo en boda de Messi<\/strong><\/a><\/span><\/p>\n","protected":false},"excerpt":{"rendered":"<p>El ariete franc\u00e9s hace un gui\u00f1o de su salida del conjunto galo.<\/p>\n","protected":false},"author":20,"featured_media":486362,"comment_status":"closed","ping_status":"closed","sticky":false,"template":"","format":"standard","meta":[],"categories":[5,7740,3839,7512],"tags":[6214,6093],"_links":{"self":[{"href":"http:\/\/desarrollo.grupomedios.com\/futbol\/wp-json\/wp\/v2\/posts\/486359"}],"collection":[{"href":"http:\/\/desarrollo.grupomedios.com\/futbol\/wp-json\/wp\/v2\/posts"}],"about":[{"href":"http:\/\/desarrollo.grupomedios.com\/futbol\/wp-json\/wp\/v2\/types\/post"}],"author":[{"embeddable":true,"href":"http:\/\/desarrollo.grupomedios.com\/futbol\/wp-json\/wp\/v2\/users\/20"}],"replies":[{"embeddable":true,"href":"http:\/\/desarrollo.grupomedios.com\/futbol\/wp-json\/wp\/v2\/comments?post=486359"}],"version-history":[{"count":1,"href":"http:\/\/desarrollo.grupomedios.com\/futbol\/wp-json\/wp\/v2\/posts\/486359\/revisions"}],"predecessor-version":[{"id":486363,"href":"http:\/\/desarrollo.grupomedios.com\/futbol\/wp-json\/wp\/v2\/posts\/486359\/revisions\/486363"}],"wp:featuredmedia":[{"embeddable":true,"href":"http:\/\/desarrollo.grupomedios.com\/futbol\/wp-json\/wp\/v2\/media\/486362"}],"wp:attachment":[{"href":"http:\/\/desarrollo.grupomedios.com\/futbol\/wp-json\/wp\/v2\/media?parent=486359"}],"wp:term":[{"taxonomy":"category","embeddable":true,"href":"http:\/\/desarrollo.grupomedios.com\/futbol\/wp-json\/wp\/v2\/categories?post=486359"},{"taxonomy":"post_tag","embeddable":true,"href":"http:\/\/desarrollo.grupomedios.com\/futbol\/wp-json\/wp\/v2\/tags?post=486359"}],"curies":[{"name":"wp","href":"https:\/\/api.w.org\/{rel}","templated":true}]}}