{"id":486375,"date":"2017-07-01T17:13:01","date_gmt":"2017-07-01T22:13:01","guid":{"rendered":"https:\/\/www.futboltotal.com.mx\/?p=486375"},"modified":"2017-07-01T17:13:01","modified_gmt":"2017-07-01T22:13:01","slug":"rafa-marquez-exige-a-directivos-apoyar-al-futbolista-mexicano","status":"publish","type":"post","link":"http:\/\/desarrollo.grupomedios.com\/futbol\/futbol-mexicano\/rafa-marquez-exige-a-directivos-apoyar-al-futbolista-mexicano\/2017\/07","title":{"rendered":"Rafa M\u00e1rquez exige a directivos apoyar al futbolista mexicano"},"content":{"rendered":"<p><strong>Rafael M\u00e1rquez<\/strong> habl\u00f3 fuerte sobre lo que sucede en el futbol mexicano para avanzar y llegar a instancias imporantes.<\/p>\n<blockquote><p>&#8220;Son muchas las cosas que hay que hacer en M\u00e9xico\u00a0desafortunadamente es negocio que solamente beneficia a los due\u00f1os de los clubes y no tanto a futbolistas, creo que se deber\u00eda apostar a dejar salir m\u00e1s a los mexicanos al extranjero&#8221;, expres\u00f3 el &#8216;4&#8217; del Tri.<\/p><\/blockquote>\n<p style=\"text-align: center;\"><span style=\"color: #333399;\"><a style=\"color: #333399;\" href=\"https:\/\/www.futboltotal.com.mx\/2017\/07\/atletico-madrid-estrena-nuevo-escudo\/\" target=\"_blank\" rel=\"noopener noreferrer\">VER M\u00c1S: El nuevo escudo del Atleti<\/a><\/span><\/p>\n<p>Indic\u00f3 que el futbolista necesita un respaldo y no buscar el negocio; <strong>\u201cNo le veo otra soluci\u00f3n, sino intentar apoyar m\u00e1s al jugador y no m\u00e1s al negocio\u201d<\/strong>.<\/p>\n<p>Por \u00faltimo declar\u00f3 que aunque en M\u00e9xico existe una gran infraestructura, carece de desarrollo y los procesos son muy lentos.<\/p>\n<blockquote><p>&#8220;Todo debe empezar en fuerzas b\u00e1sicas y luego, como est\u00e1 la competencia en nuestra liga, las opciones que tienen j\u00f3venes que son muy pocas y el desarrollo de los jugadores es muy lento a comparaci\u00f3n de lo que puede ser Europa, Argentina, Chile, Brasil&#8221;, sentenci\u00f3.<\/p><\/blockquote>\n<p style=\"text-align: center;\"><span style=\"color: #333399;\"><a style=\"color: #333399;\" href=\"https:\/\/www.futboltotal.com.mx\/2017\/07\/america-tendra-6-patrocinadores-en-camiseta\/\" target=\"_blank\" rel=\"noopener noreferrer\">VER M\u00c1S: Am\u00e9rica suma otro patrocinador en su camiseta<\/a><\/span><\/p>\n","protected":false},"excerpt":{"rendered":"<p>El veterano futbolista habl\u00f3 fuerte sobre los manejos que hacen los directivos del balompi\u00e9 azteca<\/p>\n","protected":false},"author":20,"featured_media":484662,"comment_status":"closed","ping_status":"closed","sticky":false,"template":"","format":"standard","meta":[],"categories":[2198,3845,3847],"tags":[3883,64,4358],"_links":{"self":[{"href":"http:\/\/desarrollo.grupomedios.com\/futbol\/wp-json\/wp\/v2\/posts\/486375"}],"collection":[{"href":"http:\/\/desarrollo.grupomedios.com\/futbol\/wp-json\/wp\/v2\/posts"}],"about":[{"href":"http:\/\/desarrollo.grupomedios.com\/futbol\/wp-json\/wp\/v2\/types\/post"}],"author":[{"embeddable":true,"href":"http:\/\/desarrollo.grupomedios.com\/futbol\/wp-json\/wp\/v2\/users\/20"}],"replies":[{"embeddable":true,"href":"http:\/\/desarrollo.grupomedios.com\/futbol\/wp-json\/wp\/v2\/comments?post=486375"}],"version-history":[{"count":1,"href":"http:\/\/desarrollo.grupomedios.com\/futbol\/wp-json\/wp\/v2\/posts\/486375\/revisions"}],"predecessor-version":[{"id":486380,"href":"http:\/\/desarrollo.grupomedios.com\/futbol\/wp-json\/wp\/v2\/posts\/486375\/revisions\/486380"}],"wp:featuredmedia":[{"embeddable":true,"href":"http:\/\/desarrollo.grupomedios.com\/futbol\/wp-json\/wp\/v2\/media\/484662"}],"wp:attachment":[{"href":"http:\/\/desarrollo.grupomedios.com\/futbol\/wp-json\/wp\/v2\/media?parent=486375"}],"wp:term":[{"taxonomy":"category","embeddable":true,"href":"http:\/\/desarrollo.grupomedios.com\/futbol\/wp-json\/wp\/v2\/categories?post=486375"},{"taxonomy":"post_tag","embeddable":true,"href":"http:\/\/desarrollo.grupomedios.com\/futbol\/wp-json\/wp\/v2\/tags?post=486375"}],"curies":[{"name":"wp","href":"https:\/\/api.w.org\/{rel}","templated":true}]}}